{"id":6059,"date":"2025-08-19T12:07:34","date_gmt":"2025-08-19T04:07:34","guid":{"rendered":"https:\/\/lydenim.com\/?p=6059"},"modified":"2025-08-19T12:07:34","modified_gmt":"2025-08-19T04:07:34","slug":"mastering-how-to-design-a-denim-dress","status":"publish","type":"post","link":"https:\/\/lydenim.com\/pt\/dominando-como-desenhar-um-vestido-jeans\/","title":{"rendered":"Dominando como desenhar um vestido jeans"},"content":{"rendered":"<h2>Tempo estimado de leitura: ~5 minutos<\/h2>\n<h2>Introdu\u00e7\u00e3o<\/h2>\n<p>Projetando um <strong>vestido jeans<\/strong> requer uma combina\u00e7\u00e3o de <strong>pensamento criativo<\/strong> e <strong>design funcional<\/strong> para transformar tecidos b\u00e1sicos em trajes da moda. O tecido demonstra excelente <strong>durabilidade<\/strong>, <strong>caracter\u00edsticas confort\u00e1veis<\/strong>, e alto <strong>flexibilidade de design<\/strong>. <strong>Jeans<\/strong> continua sendo um material popular devido ao seu valor de mercado, que atingiu <strong>$86,66 bilh\u00f5es em 2024<\/strong> e se expandir\u00e1 para <strong>$121,50 bilh\u00f5es at\u00e9 2030<\/strong> em um <strong>Taxa de crescimento anual composta<\/strong> de <strong>5.9%<\/strong> <a href=\"https:\/\/www.researchandmarkets.com\/reports\/5702164\/denim-jeans-market-size-share-and-trends-analysis?srsltid=AfmBOoqk8wEAVobO5V4a0R1vDzhTGCka3Amf_-tUeNMQUkBmW--6KfZ3\">[1]<\/a>. O mercado em expans\u00e3o mostra <strong>jeans<\/strong> continua popular com <strong>consumidores<\/strong>. Desfile de outlets de moda <strong>vestidos jeans<\/strong> est\u00e3o fazendo um retorno em <strong>2025<\/strong> atrav\u00e9s da sua promo\u00e7\u00e3o de <strong>franzido<\/strong> e <strong>estilos ajustados<\/strong> que incorporam <strong>elementos retr\u00f4 nost\u00e1lgicos<\/strong> <a href=\"https:\/\/www.whowhatwear.com\/fashion\/dresses\/denim-dress-trends-2025\">[2]<\/a> <a href=\"https:\/\/www.vogue.com\/article\/spring-denim-trends-experts\">[3]<\/a>. O <strong>Ind\u00fastria da moda 2025<\/strong> prioriza <strong>sustentabilidade<\/strong> e <strong>personaliza\u00e7\u00e3o<\/strong> no design de roupas, portanto, aprender t\u00e9cnicas de design permitir\u00e1 que voc\u00ea crie roupas contempor\u00e2neas <strong>vestidos jeans funcionais<\/strong>. Um guia completo conduz os usu\u00e1rios por cada fase da cria\u00e7\u00e3o, desde <strong>inspira\u00e7\u00e3o<\/strong> para <strong>entrega<\/strong>.<\/p>\n<h2>Reunindo inspira\u00e7\u00e3o<\/h2>\n<p>Comece coletando ideias de v\u00e1rias fontes:<\/p>\n<ul>\n<li><strong>Natureza e Meio Ambiente<\/strong>: <strong>Formas de plantas<\/strong>, <strong>nervuras das folhas<\/strong>, <strong>padr\u00f5es florais<\/strong> pode inspirar <strong>angustiante<\/strong> ou <strong>motivos de impress\u00e3o<\/strong> <a href=\"https:\/\/lydenim.com\/pt\/fontes-de-inspiracao-para-design-de-roupas-de-moda\/\">[5]<\/a>.\n<p><div id=\"attachment_6076\" style=\"width: 610px\" class=\"wp-caption aligncenter\"><img loading=\"lazy\" decoding=\"async\" aria-describedby=\"caption-attachment-6076\" class=\"wp-image-6076\" src=\"https:\/\/lydenim.com\/wp-content\/uploads\/2025\/08\/be8e83c1af14c4ebf956343275578d7b.jpg\" alt=\"\" width=\"600\" height=\"400\" srcset=\"https:\/\/lydenim.com\/wp-content\/uploads\/2025\/08\/be8e83c1af14c4ebf956343275578d7b.jpg 2248w, https:\/\/lydenim.com\/wp-content\/uploads\/2025\/08\/be8e83c1af14c4ebf956343275578d7b-300x200.jpg 300w, https:\/\/lydenim.com\/wp-content\/uploads\/2025\/08\/be8e83c1af14c4ebf956343275578d7b-1024x683.jpg 1024w, https:\/\/lydenim.com\/wp-content\/uploads\/2025\/08\/be8e83c1af14c4ebf956343275578d7b-768x512.jpg 768w, https:\/\/lydenim.com\/wp-content\/uploads\/2025\/08\/be8e83c1af14c4ebf956343275578d7b-1536x1025.jpg 1536w, https:\/\/lydenim.com\/wp-content\/uploads\/2025\/08\/be8e83c1af14c4ebf956343275578d7b-2048x1367.jpg 2048w, https:\/\/lydenim.com\/wp-content\/uploads\/2025\/08\/be8e83c1af14c4ebf956343275578d7b-18x12.jpg 18w, https:\/\/lydenim.com\/wp-content\/uploads\/2025\/08\/be8e83c1af14c4ebf956343275578d7b-600x400.jpg 600w, https:\/\/lydenim.com\/wp-content\/uploads\/2025\/08\/be8e83c1af14c4ebf956343275578d7b-150x100.jpg 150w\" sizes=\"auto, (max-width: 600px) 100vw, 600px\" \/><p id=\"caption-attachment-6076\" class=\"wp-caption-text\">Design Natureza e Inspira\u00e7\u00e3o Ambiental<\/p><\/div><\/li>\n<li><strong>Hist\u00f3ria e Cultura<\/strong>: <strong>Mangas bufantes barrocas<\/strong> de <strong>moda vintage<\/strong> juntamente com <strong>roupa de trabalho jeans cl\u00e1ssica<\/strong> elementos podem ajudar a definir <strong>silhuetas<\/strong> <a href=\"https:\/\/lydenim.com\/pt\/fontes-de-inspiracao-para-design-de-roupas-de-moda\/\">[6]<\/a>.\n<p><div id=\"attachment_6072\" style=\"width: 610px\" class=\"wp-caption aligncenter\"><img loading=\"lazy\" decoding=\"async\" aria-describedby=\"caption-attachment-6072\" class=\"wp-image-6072\" src=\"https:\/\/lydenim.com\/wp-content\/uploads\/2025\/08\/66d5ed4dc86e9e4b8d393c5cc0ee1f7b-scaled.jpg\" alt=\"\" width=\"600\" height=\"267\" srcset=\"https:\/\/lydenim.com\/wp-content\/uploads\/2025\/08\/66d5ed4dc86e9e4b8d393c5cc0ee1f7b-scaled.jpg 2560w, https:\/\/lydenim.com\/wp-content\/uploads\/2025\/08\/66d5ed4dc86e9e4b8d393c5cc0ee1f7b-300x134.jpg 300w, https:\/\/lydenim.com\/wp-content\/uploads\/2025\/08\/66d5ed4dc86e9e4b8d393c5cc0ee1f7b-1024x456.jpg 1024w, https:\/\/lydenim.com\/wp-content\/uploads\/2025\/08\/66d5ed4dc86e9e4b8d393c5cc0ee1f7b-768x342.jpg 768w, https:\/\/lydenim.com\/wp-content\/uploads\/2025\/08\/66d5ed4dc86e9e4b8d393c5cc0ee1f7b-1536x684.jpg 1536w, https:\/\/lydenim.com\/wp-content\/uploads\/2025\/08\/66d5ed4dc86e9e4b8d393c5cc0ee1f7b-2048x912.jpg 2048w, https:\/\/lydenim.com\/wp-content\/uploads\/2025\/08\/66d5ed4dc86e9e4b8d393c5cc0ee1f7b-18x8.jpg 18w, https:\/\/lydenim.com\/wp-content\/uploads\/2025\/08\/66d5ed4dc86e9e4b8d393c5cc0ee1f7b-600x267.jpg 600w, https:\/\/lydenim.com\/wp-content\/uploads\/2025\/08\/66d5ed4dc86e9e4b8d393c5cc0ee1f7b-150x67.jpg 150w\" sizes=\"auto, (max-width: 600px) 100vw, 600px\" \/><p id=\"caption-attachment-6072\" class=\"wp-caption-text\">Hist\u00f3ria do Design Inspira\u00e7\u00e3o<\/p><\/div><\/li>\n<li><strong>Material e T\u00e9cnicas<\/strong>: Pense em inova\u00e7\u00e3o <strong>efeitos de tecido<\/strong> como <strong>padr\u00f5es gravados a laser<\/strong>, <strong>tie dye<\/strong>, ou <strong>branqueamento<\/strong> sobre <strong>jeans<\/strong> <a href=\"https:\/\/lydenim.com\/pt\/fontes-de-inspiracao-para-design-de-roupas-de-moda\/\">[7]<\/a>.\n<p><div id=\"attachment_6074\" style=\"width: 610px\" class=\"wp-caption aligncenter\"><img loading=\"lazy\" decoding=\"async\" aria-describedby=\"caption-attachment-6074\" class=\"wp-image-6074\" src=\"https:\/\/lydenim.com\/wp-content\/uploads\/2025\/08\/5004351a9db90c4077f5af0e7e1ba414-scaled.jpg\" alt=\"\" width=\"600\" height=\"201\" srcset=\"https:\/\/lydenim.com\/wp-content\/uploads\/2025\/08\/5004351a9db90c4077f5af0e7e1ba414-scaled.jpg 2560w, https:\/\/lydenim.com\/wp-content\/uploads\/2025\/08\/5004351a9db90c4077f5af0e7e1ba414-300x100.jpg 300w, https:\/\/lydenim.com\/wp-content\/uploads\/2025\/08\/5004351a9db90c4077f5af0e7e1ba414-1024x342.jpg 1024w, https:\/\/lydenim.com\/wp-content\/uploads\/2025\/08\/5004351a9db90c4077f5af0e7e1ba414-768x257.jpg 768w, https:\/\/lydenim.com\/wp-content\/uploads\/2025\/08\/5004351a9db90c4077f5af0e7e1ba414-1536x513.jpg 1536w, https:\/\/lydenim.com\/wp-content\/uploads\/2025\/08\/5004351a9db90c4077f5af0e7e1ba414-2048x685.jpg 2048w, https:\/\/lydenim.com\/wp-content\/uploads\/2025\/08\/5004351a9db90c4077f5af0e7e1ba414-18x6.jpg 18w, https:\/\/lydenim.com\/wp-content\/uploads\/2025\/08\/5004351a9db90c4077f5af0e7e1ba414-600x201.jpg 600w, https:\/\/lydenim.com\/wp-content\/uploads\/2025\/08\/5004351a9db90c4077f5af0e7e1ba414-150x50.jpg 150w\" sizes=\"auto, (max-width: 600px) 100vw, 600px\" \/><p id=\"caption-attachment-6074\" class=\"wp-caption-text\">Inspira\u00e7\u00e3o em materiais e t\u00e9cnicas de design<\/p><\/div><\/li>\n<li><strong>Humor e Emo\u00e7\u00e3o<\/strong>: Construir <strong>pain\u00e9is de inspira\u00e7\u00e3o<\/strong> ou <strong>colagens<\/strong> que se fundem <strong>cores<\/strong> e <strong>texturas<\/strong> com <strong>imagens<\/strong> que representam o seu <strong>vis\u00e3o de vestido<\/strong>.\n<p><div id=\"attachment_6075\" style=\"width: 610px\" class=\"wp-caption aligncenter\"><img loading=\"lazy\" decoding=\"async\" aria-describedby=\"caption-attachment-6075\" class=\"wp-image-6075\" src=\"https:\/\/lydenim.com\/wp-content\/uploads\/2025\/08\/ac917d765f7e2d99f08d7ccf3abc11df.jpg\" alt=\"\" width=\"600\" height=\"401\" srcset=\"https:\/\/lydenim.com\/wp-content\/uploads\/2025\/08\/ac917d765f7e2d99f08d7ccf3abc11df.jpg 2208w, https:\/\/lydenim.com\/wp-content\/uploads\/2025\/08\/ac917d765f7e2d99f08d7ccf3abc11df-300x201.jpg 300w, https:\/\/lydenim.com\/wp-content\/uploads\/2025\/08\/ac917d765f7e2d99f08d7ccf3abc11df-1024x685.jpg 1024w, https:\/\/lydenim.com\/wp-content\/uploads\/2025\/08\/ac917d765f7e2d99f08d7ccf3abc11df-768x513.jpg 768w, https:\/\/lydenim.com\/wp-content\/uploads\/2025\/08\/ac917d765f7e2d99f08d7ccf3abc11df-1536x1027.jpg 1536w, https:\/\/lydenim.com\/wp-content\/uploads\/2025\/08\/ac917d765f7e2d99f08d7ccf3abc11df-2048x1369.jpg 2048w, https:\/\/lydenim.com\/wp-content\/uploads\/2025\/08\/ac917d765f7e2d99f08d7ccf3abc11df-18x12.jpg 18w, https:\/\/lydenim.com\/wp-content\/uploads\/2025\/08\/ac917d765f7e2d99f08d7ccf3abc11df-600x401.jpg 600w, https:\/\/lydenim.com\/wp-content\/uploads\/2025\/08\/ac917d765f7e2d99f08d7ccf3abc11df-150x100.jpg 150w\" sizes=\"auto, (max-width: 600px) 100vw, 600px\" \/><p id=\"caption-attachment-6075\" class=\"wp-caption-text\">Inspira\u00e7\u00e3o de humor e emo\u00e7\u00e3o<\/p><\/div><\/li>\n<\/ul>\n<p>Salvar imagens de refer\u00eancia de <strong>Vestidos jeans 2025<\/strong> sobre <strong>Instagram<\/strong> e <strong>Pinterest<\/strong> atrav\u00e9s de quadros que voc\u00ea cria especificamente para \u201c<strong>Vestido jeans 2025<\/strong>.\u201d A m\u00eddia da moda j\u00e1 identificou <strong>vestidos jeans franzidos<\/strong> como a principal tend\u00eancia da moda para <strong>2025<\/strong> porque eles acrescentam <strong>textura<\/strong> e <strong>forma<\/strong> para roupas <a href=\"https:\/\/www.whowhatwear.com\/fashion\/dresses\/denim-dress-trends-2025\">[2]<\/a>. <strong>Visuais<\/strong> e <strong>refer\u00eancias<\/strong> ajud\u00e1-lo a desenvolver um indiv\u00edduo <strong>conceito de design<\/strong>.<\/p>\n<h2>Definindo a inten\u00e7\u00e3o do design<\/h2>\n<p>Uma defini\u00e7\u00e3o clara de <strong>inten\u00e7\u00e3o do projeto<\/strong> deve ser estabelecido no in\u00edcio para identificar tanto o objetivo pretendido <strong>usar<\/strong> e o <strong>portador do alvo<\/strong> caracter\u00edsticas. O vestido deve servir como <strong>roupas casuais do dia a dia<\/strong> ou precisa funcionar como algo mais <strong>traje formal<\/strong>? O design precisa decidir entre ser um <strong>bo\u00eamio descontra\u00eddo<\/strong> design ou um <strong>estrutura r\u00edgida ajustada<\/strong>. O design deve ser criado para o qual <strong>demogr\u00e1fico<\/strong>: <strong>faixa et\u00e1ria<\/strong>, <strong>dimens\u00f5es f\u00edsicas<\/strong>, e <strong>h\u00e1bitos di\u00e1rios<\/strong>. <em>Para que ocasi\u00e3o \u00e9 isso? O que deve ser priorizado? <strong>moda<\/strong> ou <strong>fun\u00e7\u00e3o<\/strong>?<\/em> O <strong>mercado dos EUA<\/strong> mostra <strong>jeans<\/strong> continua sendo amplamente popular desde que as mulheres <strong>vendas de jeans skinny<\/strong> diminuiu apenas <strong>3% em 2023<\/strong> <a href=\"https:\/\/www.circana.com\/post\/the-future-of-skinny-jeans\">[8]<\/a>, indicando em andamento <strong>interesse pela moda<\/strong> em <strong>estilos de jeans<\/strong>. O <strong>medi\u00e7\u00f5es<\/strong> do portador (<strong>busto<\/strong>, <strong>cintura<\/strong>, <strong>quadris<\/strong>) ajudar\u00e1 a definir o b\u00e1sico <strong>silhueta<\/strong> mantendo ao mesmo tempo <strong>conforto<\/strong>. Um preciso <strong>briefing de design<\/strong> nesta fase dirigir\u00e1 as opera\u00e7\u00f5es seguintes.<\/p>\n<div id=\"attachment_6069\" style=\"width: 610px\" class=\"wp-caption aligncenter\"><img loading=\"lazy\" decoding=\"async\" aria-describedby=\"caption-attachment-6069\" class=\"wp-image-6069\" src=\"https:\/\/lydenim.com\/wp-content\/uploads\/2025\/08\/8d0693048fb3d23387e8920ed2870e75.jpg\" alt=\"\" width=\"600\" height=\"450\" srcset=\"https:\/\/lydenim.com\/wp-content\/uploads\/2025\/08\/8d0693048fb3d23387e8920ed2870e75.jpg 1194w, https:\/\/lydenim.com\/wp-content\/uploads\/2025\/08\/8d0693048fb3d23387e8920ed2870e75-300x225.jpg 300w, https:\/\/lydenim.com\/wp-content\/uploads\/2025\/08\/8d0693048fb3d23387e8920ed2870e75-1024x768.jpg 1024w, https:\/\/lydenim.com\/wp-content\/uploads\/2025\/08\/8d0693048fb3d23387e8920ed2870e75-768x576.jpg 768w, https:\/\/lydenim.com\/wp-content\/uploads\/2025\/08\/8d0693048fb3d23387e8920ed2870e75-16x12.jpg 16w, https:\/\/lydenim.com\/wp-content\/uploads\/2025\/08\/8d0693048fb3d23387e8920ed2870e75-600x450.jpg 600w, https:\/\/lydenim.com\/wp-content\/uploads\/2025\/08\/8d0693048fb3d23387e8920ed2870e75-150x113.jpg 150w\" sizes=\"auto, (max-width: 600px) 100vw, 600px\" \/><p id=\"caption-attachment-6069\" class=\"wp-caption-text\">Definindo a inten\u00e7\u00e3o do design<\/p><\/div>\n<h2>Pesquisando Estrutura e Elementos<\/h2>\n<p>O estudo avalia como v\u00e1rios <strong>tipos de tecido jeans<\/strong> e <strong>processos de fabrica\u00e7\u00e3o<\/strong> afetam seu desempenho. As caracter\u00edsticas de <strong>peso do jeans<\/strong> e <strong>composi\u00e7\u00e3o do tecido<\/strong> determinar ambos os <strong>forma<\/strong> e como isso <strong>trava<\/strong> no corpo. A <strong>jeans de peso m\u00e9dio<\/strong> com uma faixa de peso de <strong>8\u201312 on\u00e7as<\/strong> prova ser o mais adequado para <strong>vestidos<\/strong> pois fornece ambos <strong>estrutura<\/strong> e <strong>movimento<\/strong>. A adi\u00e7\u00e3o de <strong>2\u20133% elastano<\/strong> para <strong>jeans el\u00e1stico<\/strong> fornece ambos <strong>conforto<\/strong> e <strong>flexibilidade<\/strong> em <strong>vestidos ajustados<\/strong> <a href=\"https:\/\/jackofspades.com\/blogs\/mastering-denim-jos\/the-ultimate-guide-to-the-rise-on-jeans-finding-your-perfect-fit\">[9]<\/a>. Teste pe\u00e7as de vestu\u00e1rio existentes com diferentes <strong>pesos<\/strong> de <strong>jeans<\/strong> para observar o <strong>reten\u00e7\u00e3o de forma<\/strong> de <strong>jeans pesado<\/strong> contra <strong>jeans leve<\/strong> que produz <strong>cortina fluida<\/strong>. Estude o <strong>elementos de constru\u00e7\u00e3o<\/strong> de <strong>costuras<\/strong> (<strong>derrubado plano<\/strong> ou <strong>overlock<\/strong>) e <strong>bainhas<\/strong> assim como <strong>m\u00e9todos de costura<\/strong>. Pesquisar <strong>tecnologias de tecidos<\/strong> porque <strong>grava\u00e7\u00e3o a laser<\/strong> m\u00e9todos permitem que os designers criem complexos <strong>designs de superf\u00edcie<\/strong> sobre <strong>tecido jeans<\/strong> <a href=\"https:\/\/lydenim.com\/pt\/fontes-de-inspiracao-para-design-de-roupas-de-moda\/\">[7]<\/a>. Pesquise o <strong>Paleta de cores de 2025<\/strong> e <strong>op\u00e7\u00f5es de lavagem<\/strong> que incluem <strong>\u00edndigo<\/strong>, <strong>lavagem \u00e1cida<\/strong>, e <strong>azul desbotado<\/strong> para selecionar um <strong>elegante<\/strong> e <strong>tecido jeans pr\u00e1tico<\/strong> que corresponde <strong>tend\u00eancias sazonais<\/strong>.<\/p>\n<div id=\"attachment_6070\" style=\"width: 610px\" class=\"wp-caption aligncenter\"><img loading=\"lazy\" decoding=\"async\" aria-describedby=\"caption-attachment-6070\" class=\"wp-image-6070\" src=\"https:\/\/lydenim.com\/wp-content\/uploads\/2025\/08\/9e000f4af9aeee1288409de6dbf2911d.jpg\" alt=\"\" width=\"600\" height=\"800\" srcset=\"https:\/\/lydenim.com\/wp-content\/uploads\/2025\/08\/9e000f4af9aeee1288409de6dbf2911d.jpg 1141w, https:\/\/lydenim.com\/wp-content\/uploads\/2025\/08\/9e000f4af9aeee1288409de6dbf2911d-225x300.jpg 225w, https:\/\/lydenim.com\/wp-content\/uploads\/2025\/08\/9e000f4af9aeee1288409de6dbf2911d-768x1024.jpg 768w, https:\/\/lydenim.com\/wp-content\/uploads\/2025\/08\/9e000f4af9aeee1288409de6dbf2911d-9x12.jpg 9w, https:\/\/lydenim.com\/wp-content\/uploads\/2025\/08\/9e000f4af9aeee1288409de6dbf2911d-600x800.jpg 600w, https:\/\/lydenim.com\/wp-content\/uploads\/2025\/08\/9e000f4af9aeee1288409de6dbf2911d-150x200.jpg 150w\" sizes=\"auto, (max-width: 600px) 100vw, 600px\" \/><p id=\"caption-attachment-6070\" class=\"wp-caption-text\">Pesquisando Estrutura e Elementos<\/p><\/div>\n<h2>T\u00e9cnicas de Esbo\u00e7o de Conceitos<\/h2>\n<p>Transforme ideias em <strong>esbo\u00e7os<\/strong>. Use um <strong>modelo de croquis<\/strong> (um esbo\u00e7o de figura de moda) para desenhar seu <strong>silhueta do vestido<\/strong> de m\u00faltiplas perspectivas de visualiza\u00e7\u00e3o. Experimente v\u00e1rios <strong>decotes<\/strong> e <strong>designs de mangas<\/strong> em combina\u00e7\u00e3o com diferentes <strong>medidas da saia<\/strong> e <strong>elementos decorativos<\/strong> que incluem <strong>bolsos<\/strong>, <strong>coleiras<\/strong>, e <strong>costuras do painel<\/strong>. Incluir <strong>elementos da moda<\/strong> que correspondem \u00e0 corrente <strong>estilo de moda<\/strong> e o <strong>lavagem \u00edndigo cl\u00e1ssica<\/strong> e <strong>jugo estilo vintage<\/strong>. O <strong>Caderno de esbo\u00e7os da moda<\/strong> e aplica\u00e7\u00f5es digitais como <strong>Procriar<\/strong> ajudar os usu\u00e1rios a manter <strong>propor\u00e7\u00f5es<\/strong> preciso e fazendo <strong>modifica\u00e7\u00f5es de design<\/strong> eficientemente. Certifique-se de incluir <strong>amostras de cores de jeans<\/strong> juntamente com <strong>notas finais<\/strong> em seus projetos. Voc\u00ea deve gerar informa\u00e7\u00f5es inequ\u00edvocas <strong>esbo\u00e7os<\/strong> que mostram o completo <strong>elementos de design<\/strong> do seu <strong>vestir<\/strong>.<\/p>\n<div id=\"attachment_6077\" style=\"width: 610px\" class=\"wp-caption aligncenter\"><img loading=\"lazy\" decoding=\"async\" aria-describedby=\"caption-attachment-6077\" class=\"wp-image-6077\" src=\"https:\/\/lydenim.com\/wp-content\/uploads\/2025\/08\/e7f3503df27fb576974da87ac0e06c2e.jpg\" alt=\"\" width=\"600\" height=\"800\" srcset=\"https:\/\/lydenim.com\/wp-content\/uploads\/2025\/08\/e7f3503df27fb576974da87ac0e06c2e.jpg 1178w, https:\/\/lydenim.com\/wp-content\/uploads\/2025\/08\/e7f3503df27fb576974da87ac0e06c2e-225x300.jpg 225w, https:\/\/lydenim.com\/wp-content\/uploads\/2025\/08\/e7f3503df27fb576974da87ac0e06c2e-768x1024.jpg 768w, https:\/\/lydenim.com\/wp-content\/uploads\/2025\/08\/e7f3503df27fb576974da87ac0e06c2e-1152x1536.jpg 1152w, https:\/\/lydenim.com\/wp-content\/uploads\/2025\/08\/e7f3503df27fb576974da87ac0e06c2e-9x12.jpg 9w, https:\/\/lydenim.com\/wp-content\/uploads\/2025\/08\/e7f3503df27fb576974da87ac0e06c2e-600x800.jpg 600w, https:\/\/lydenim.com\/wp-content\/uploads\/2025\/08\/e7f3503df27fb576974da87ac0e06c2e-150x200.jpg 150w\" sizes=\"auto, (max-width: 600px) 100vw, 600px\" \/><p id=\"caption-attachment-6077\" class=\"wp-caption-text\">Esbo\u00e7o de conceito<\/p><\/div>\n<h2>Analisando seu conceito de vestido jeans<\/h2>\n<p>Verifique o <strong>esbo\u00e7os<\/strong> contra o seu original <strong>inten\u00e7\u00e3o do projeto<\/strong> para garantir que estejam alinhados corretamente. Fa\u00e7a o <strong>propor\u00e7\u00f5es<\/strong> combinar com seu <strong>vis\u00e3o<\/strong>? O <strong>estilo<\/strong> se encaixa com o selecionado <strong>tema<\/strong> e <strong>elementos de inspira\u00e7\u00e3o<\/strong>. Os objetivos do projeto inclu\u00edam um <strong>visual &#039;nost\u00e1lgico dos anos 90&#039;<\/strong> mas faz o <strong>forma<\/strong> e <strong>elementos decorativos<\/strong> conseguir esse design? Ajustar <strong>aspectos funcionais<\/strong> como <strong>posicionamento do z\u00edper<\/strong> para criar <strong>designs ergon\u00f4micos<\/strong>. S\u00e3o <strong>costuras<\/strong> refor\u00e7ado onde necess\u00e1rio? Voc\u00ea deve solicitar informa\u00e7\u00f5es de ambos <strong>pares<\/strong> e pessoas que poderiam usar o <strong>vestu\u00e1rio<\/strong>. Compartilhamento <strong>esbo\u00e7os<\/strong> no come\u00e7o de <strong>projetos de design personalizados<\/strong> ajuda a prevenir futuros <strong>atrasos no projeto<\/strong>. O design se torna <strong>coeso<\/strong> por meio de m\u00faltiplas revis\u00f5es que envolvem mudan\u00e7as <strong>comprimentos<\/strong> e <strong>plenitude<\/strong> e mudar de um <strong>saia reta<\/strong> para um <strong>Estilo em linha A<\/strong>.<\/p>\n<div id=\"attachment_6071\" style=\"width: 610px\" class=\"wp-caption aligncenter\"><img loading=\"lazy\" decoding=\"async\" aria-describedby=\"caption-attachment-6071\" class=\"wp-image-6071\" src=\"https:\/\/lydenim.com\/wp-content\/uploads\/2025\/08\/24a4866bf0f14c7081f82cce9ca56e39.jpg\" alt=\"\" width=\"600\" height=\"800\" srcset=\"https:\/\/lydenim.com\/wp-content\/uploads\/2025\/08\/24a4866bf0f14c7081f82cce9ca56e39.jpg 1093w, https:\/\/lydenim.com\/wp-content\/uploads\/2025\/08\/24a4866bf0f14c7081f82cce9ca56e39-225x300.jpg 225w, https:\/\/lydenim.com\/wp-content\/uploads\/2025\/08\/24a4866bf0f14c7081f82cce9ca56e39-768x1024.jpg 768w, https:\/\/lydenim.com\/wp-content\/uploads\/2025\/08\/24a4866bf0f14c7081f82cce9ca56e39-9x12.jpg 9w, https:\/\/lydenim.com\/wp-content\/uploads\/2025\/08\/24a4866bf0f14c7081f82cce9ca56e39-600x800.jpg 600w, https:\/\/lydenim.com\/wp-content\/uploads\/2025\/08\/24a4866bf0f14c7081f82cce9ca56e39-150x200.jpg 150w\" sizes=\"auto, (max-width: 600px) 100vw, 600px\" \/><p id=\"caption-attachment-6071\" class=\"wp-caption-text\">Analisando seu conceito de vestido jeans<\/p><\/div>\n<h2>Ilustrando o Design<\/h2>\n<p>O <strong>processo de ilustra\u00e7\u00e3o<\/strong> envolve a cria\u00e7\u00e3o de profissionais <strong>desenhos<\/strong> que exibem o <strong>vestir<\/strong> enquanto o <strong>modelo<\/strong> usa isso. O <strong>representa\u00e7\u00e3o visual<\/strong> mostra como o <strong>movimentos de roupa<\/strong> durante o uso. Desenhe seu desenho em um <strong>manequim modelo<\/strong> ou esbo\u00e7ar um <strong>modelo de ajuste<\/strong> para demonstrar <strong>drapeado de tecido<\/strong> e <strong>movimento<\/strong>. O <strong>ilustra\u00e7\u00e3o<\/strong> deve apresentar caracter\u00edsticas distintivas <strong>aspectos de design<\/strong> incluindo <strong>logotipos bordados<\/strong> assim como <strong>gr\u00e1ficos impressos<\/strong> junto com particular <strong>fechamentos<\/strong>. Atrav\u00e9s de um elaborado <strong>ilustra\u00e7\u00e3o de moda<\/strong>, os designers podem mostrar efetivamente seus projetos conclu\u00eddos <strong>est\u00e9tica do design<\/strong> junto com seu <strong>humor emocional<\/strong>. Voc\u00ea pode marcar \u00e1reas espec\u00edficas do <strong>ilustra\u00e7\u00e3o<\/strong> com diferentes <strong>cores<\/strong> para demonstrar <strong>textura de tecido<\/strong> (<strong>jeans \u00edndigo escuro<\/strong> e <strong>costura contrastante<\/strong>) ao adicionar <strong>ilustra\u00e7\u00f5es<\/strong> para completo <strong>acess\u00f3rios de roupa<\/strong>.<\/p>\n<div id=\"attachment_6073\" style=\"width: 610px\" class=\"wp-caption aligncenter\"><img loading=\"lazy\" decoding=\"async\" aria-describedby=\"caption-attachment-6073\" class=\"wp-image-6073\" src=\"https:\/\/lydenim.com\/wp-content\/uploads\/2025\/08\/940b8418cb3f19ed290eba0e0ffc5ff6.jpg\" alt=\"\" width=\"600\" height=\"450\" srcset=\"https:\/\/lydenim.com\/wp-content\/uploads\/2025\/08\/940b8418cb3f19ed290eba0e0ffc5ff6.jpg 1352w, https:\/\/lydenim.com\/wp-content\/uploads\/2025\/08\/940b8418cb3f19ed290eba0e0ffc5ff6-300x225.jpg 300w, https:\/\/lydenim.com\/wp-content\/uploads\/2025\/08\/940b8418cb3f19ed290eba0e0ffc5ff6-1024x768.jpg 1024w, https:\/\/lydenim.com\/wp-content\/uploads\/2025\/08\/940b8418cb3f19ed290eba0e0ffc5ff6-768x576.jpg 768w, https:\/\/lydenim.com\/wp-content\/uploads\/2025\/08\/940b8418cb3f19ed290eba0e0ffc5ff6-16x12.jpg 16w, https:\/\/lydenim.com\/wp-content\/uploads\/2025\/08\/940b8418cb3f19ed290eba0e0ffc5ff6-600x450.jpg 600w, https:\/\/lydenim.com\/wp-content\/uploads\/2025\/08\/940b8418cb3f19ed290eba0e0ffc5ff6-150x113.jpg 150w\" sizes=\"auto, (max-width: 600px) 100vw, 600px\" \/><p id=\"caption-attachment-6073\" class=\"wp-caption-text\">Ilustrando o Design<\/p><\/div>\n<h2>Dicas Pr\u00e1ticas<\/h2>\n<ul>\n<li><strong>Medidas<\/strong>: Verificar <strong>medidas corporais<\/strong> (<strong>busto<\/strong>, <strong>cintura<\/strong>, <strong>quadril<\/strong>) tanto para a pessoa que ir\u00e1 usar o <strong>vestu\u00e1rio<\/strong> e o <strong>padr\u00e3o<\/strong> duas vezes para evitar <strong>erros<\/strong>.\n<p><div id=\"attachment_6078\" style=\"width: 610px\" class=\"wp-caption aligncenter\"><img loading=\"lazy\" decoding=\"async\" aria-describedby=\"caption-attachment-6078\" class=\"wp-image-6078\" src=\"https:\/\/lydenim.com\/wp-content\/uploads\/2025\/08\/WechatIMG2250-scaled.jpeg\" alt=\"Medidas corporais\" width=\"600\" height=\"1516\" srcset=\"https:\/\/lydenim.com\/wp-content\/uploads\/2025\/08\/WechatIMG2250-scaled.jpeg 1013w, https:\/\/lydenim.com\/wp-content\/uploads\/2025\/08\/WechatIMG2250-119x300.jpeg 119w, https:\/\/lydenim.com\/wp-content\/uploads\/2025\/08\/WechatIMG2250-405x1024.jpeg 405w, https:\/\/lydenim.com\/wp-content\/uploads\/2025\/08\/WechatIMG2250-768x1942.jpeg 768w, https:\/\/lydenim.com\/wp-content\/uploads\/2025\/08\/WechatIMG2250-608x1536.jpeg 608w, https:\/\/lydenim.com\/wp-content\/uploads\/2025\/08\/WechatIMG2250-810x2048.jpeg 810w, https:\/\/lydenim.com\/wp-content\/uploads\/2025\/08\/WechatIMG2250-5x12.jpeg 5w, https:\/\/lydenim.com\/wp-content\/uploads\/2025\/08\/WechatIMG2250-600x1517.jpeg 600w, https:\/\/lydenim.com\/wp-content\/uploads\/2025\/08\/WechatIMG2250-150x379.jpeg 150w\" sizes=\"auto, (max-width: 600px) 100vw, 600px\" \/><p id=\"caption-attachment-6078\" class=\"wp-caption-text\">Medidas corporais<\/p><\/div><\/li>\n<li><strong>Sele\u00e7\u00e3o de Tecidos<\/strong>: Antes <strong>produ\u00e7\u00e3o<\/strong>, teste <strong>amostras de jeans<\/strong> para determinar o melhor <strong>escolha do tecido<\/strong>. Selecione <strong>tecidos jeans<\/strong> que combinam com voc\u00ea <strong>requisitos de peso<\/strong> e <strong>necessidades de alongamento<\/strong> para o seu <strong>projeto<\/strong>. O <strong>peso<\/strong> de <strong>tecido jeans<\/strong> determina seu <strong>reten\u00e7\u00e3o de forma<\/strong> mas se torna <strong>duro<\/strong>; <strong>jeans leve<\/strong> <strong>cortinas<\/strong> melhor, mas tende a <strong>ruga<\/strong> facilmente. A escolha de <strong>peso do jeans<\/strong> depende do <strong>temporada<\/strong> porque <strong>jeans el\u00e1stico mais leve<\/strong> se adequa <strong>vestidos de primavera\/ver\u00e3o<\/strong> enquanto <strong>pesos mais pesados<\/strong> terno <strong>designs de outono\/inverno<\/strong>.<img loading=\"lazy\" decoding=\"async\" class=\"aligncenter wp-image-4518\" src=\"https:\/\/lydenim.com\/wp-content\/uploads\/2025\/03\/IMG_6232.jpg\" alt=\"\" width=\"600\" height=\"600\" srcset=\"https:\/\/lydenim.com\/wp-content\/uploads\/2025\/03\/IMG_6232.jpg 2196w, https:\/\/lydenim.com\/wp-content\/uploads\/2025\/03\/IMG_6232-300x300.jpg 300w, https:\/\/lydenim.com\/wp-content\/uploads\/2025\/03\/IMG_6232-1024x1024.jpg 1024w, https:\/\/lydenim.com\/wp-content\/uploads\/2025\/03\/IMG_6232-150x150.jpg 150w, https:\/\/lydenim.com\/wp-content\/uploads\/2025\/03\/IMG_6232-768x768.jpg 768w, https:\/\/lydenim.com\/wp-content\/uploads\/2025\/03\/IMG_6232-1536x1536.jpg 1536w, https:\/\/lydenim.com\/wp-content\/uploads\/2025\/03\/IMG_6232-2048x2048.jpg 2048w, https:\/\/lydenim.com\/wp-content\/uploads\/2025\/03\/IMG_6232-12x12.jpg 12w, https:\/\/lydenim.com\/wp-content\/uploads\/2025\/03\/IMG_6232-600x600.jpg 600w\" sizes=\"auto, (max-width: 600px) 100vw, 600px\" \/><\/li>\n<li><strong>Camadas<\/strong>: <strong>Vestidos jeans<\/strong> funcionam bem para diferentes <strong>esta\u00e7\u00f5es<\/strong> porque podem ser usados em v\u00e1rios <strong>combina\u00e7\u00f5es<\/strong>. O <strong>vestido jeans sem mangas<\/strong> fica melhor quando combinado com um <strong>camisa de manga comprida<\/strong> ou <strong>gola alta<\/strong> abaixo dele, e voc\u00ea pode adicionar <strong>leggings<\/strong> ou <strong>meia-cal\u00e7a<\/strong> para <strong>cordialidade<\/strong>. Voc\u00ea pode finalizar o look colocando um <strong>jaqueta combinando<\/strong> ou <strong>cardig\u00e3<\/strong>. Durante <strong>clima de ver\u00e3o<\/strong>, voc\u00ea deve usar o <strong>vestir<\/strong> por si s\u00f3 ou com um <strong>blusa leve<\/strong> ao escolher entre <strong>sand\u00e1lias<\/strong> ou <strong>t\u00eanis<\/strong>. O <strong>combina\u00e7\u00e3o<\/strong> de <strong>t\u00e9cnicas de camadas<\/strong> cria ambos <strong>designs da moda<\/strong> e expande a frequ\u00eancia com que <strong>vestir<\/strong> pode ser usado.\n<p><div id=\"attachment_4620\" style=\"width: 610px\" class=\"wp-caption aligncenter\"><img loading=\"lazy\" decoding=\"async\" aria-describedby=\"caption-attachment-4620\" class=\"wp-image-4620\" src=\"https:\/\/lydenim.com\/wp-content\/uploads\/2025\/04\/IMG_4829.jpg\" alt=\"Vestidos jeans\" width=\"600\" height=\"903\" srcset=\"https:\/\/lydenim.com\/wp-content\/uploads\/2025\/04\/IMG_4829.jpg 670w, https:\/\/lydenim.com\/wp-content\/uploads\/2025\/04\/IMG_4829-199x300.jpg 199w, https:\/\/lydenim.com\/wp-content\/uploads\/2025\/04\/IMG_4829-8x12.jpg 8w, https:\/\/lydenim.com\/wp-content\/uploads\/2025\/04\/IMG_4829-600x903.jpg 600w, https:\/\/lydenim.com\/wp-content\/uploads\/2025\/04\/IMG_4829-150x226.jpg 150w\" sizes=\"auto, (max-width: 600px) 100vw, 600px\" \/><p id=\"caption-attachment-4620\" class=\"wp-caption-text\">Vestidos jeans<\/p><\/div><\/li>\n<li><strong>Personaliza\u00e7\u00e3o<\/strong>: <strong>Detalhes personalizados<\/strong> ajudar a criar <strong>individualidade<\/strong> no <strong>projeto<\/strong> atrav\u00e9s <strong>personaliza\u00e7\u00e3o<\/strong>. <strong>Bordado<\/strong> juntamente com <strong>gr\u00e1ficos impressos<\/strong> e <strong>costura decorativa<\/strong> e <strong>remendos<\/strong> representam poss\u00edveis <strong>detalhes personalizados<\/strong> voc\u00ea pode adicionar ao <strong>projeto<\/strong>. O <strong>ind\u00fastria da moda<\/strong> prev\u00ea <strong>silhuetas de pernas em barril<\/strong> se tornar\u00e1 proeminente em <strong>Tend\u00eancias da moda 2025<\/strong> mesmo para <strong>vestidos<\/strong> como eles se assemelham <strong>jeans de perna larga<\/strong> <a href=\"https:\/\/www.vogue.com\/article\/spring-denim-trends-experts\">[12]<\/a>. Voc\u00ea pode criar um <strong>visual ousado<\/strong> colocando \u201c<strong>cortar<\/strong>&quot; <strong>jeans<\/strong> (<strong>inspirado em jorts<\/strong>) <strong>retalhos<\/strong> em um <strong>painel de vestido<\/strong>.<img loading=\"lazy\" decoding=\"async\" class=\"aligncenter wp-image-5520\" src=\"https:\/\/lydenim.com\/wp-content\/uploads\/2025\/06\/IMG_6579.jpg\" alt=\"\" width=\"600\" height=\"800\" srcset=\"https:\/\/lydenim.com\/wp-content\/uploads\/2025\/06\/IMG_6579.jpg 1280w, https:\/\/lydenim.com\/wp-content\/uploads\/2025\/06\/IMG_6579-225x300.jpg 225w, https:\/\/lydenim.com\/wp-content\/uploads\/2025\/06\/IMG_6579-768x1024.jpg 768w, https:\/\/lydenim.com\/wp-content\/uploads\/2025\/06\/IMG_6579-1152x1536.jpg 1152w, https:\/\/lydenim.com\/wp-content\/uploads\/2025\/06\/IMG_6579-9x12.jpg 9w, https:\/\/lydenim.com\/wp-content\/uploads\/2025\/06\/IMG_6579-600x800.jpg 600w, https:\/\/lydenim.com\/wp-content\/uploads\/2025\/06\/IMG_6579-150x200.jpg 150w\" sizes=\"auto, (max-width: 600px) 100vw, 600px\" \/><\/li>\n<li><strong>Fornecedores<\/strong>: Selecione <strong>fornecedores de tecido jeans<\/strong> que se especializam em sua \u00e1rea. <strong>F\u00e1bricas de tecidos<\/strong> e <strong>fornecedores de jeans personalizados<\/strong> (como <strong>LY Denim<\/strong>) pode produzir particular <strong>misturas de tecidos<\/strong> e <strong>op\u00e7\u00f5es de acabamento<\/strong>. Deles <strong>cole\u00e7\u00e3o<\/strong> inclui ambos <strong>materiais de jeans el\u00e1sticos personalizados<\/strong> e <strong>alternativas de tecidos sustent\u00e1veis<\/strong>. Antes de fazer <strong>compras de tecidos<\/strong>, voc\u00ea deve solicitar ambos <strong>amostras<\/strong> e <strong>pequenas tiragens de tecido<\/strong> enquanto tendo <strong>opini\u00e3o<\/strong> preparado para <strong>testes de materiais<\/strong>. A maioria de <strong>fornecedores<\/strong> fornecer <strong>modifica\u00e7\u00f5es de tecido<\/strong> at\u00e9 encontrar o perfeito <strong>tecido<\/strong> para o seu <strong>projeto<\/strong>.\n<p><div id=\"attachment_6079\" style=\"width: 610px\" class=\"wp-caption aligncenter\"><img loading=\"lazy\" decoding=\"async\" aria-describedby=\"caption-attachment-6079\" class=\"wp-image-6079\" src=\"https:\/\/lydenim.com\/wp-content\/uploads\/2025\/08\/ly.png\" alt=\"\" width=\"600\" height=\"615\" srcset=\"https:\/\/lydenim.com\/wp-content\/uploads\/2025\/08\/ly.png 512w, https:\/\/lydenim.com\/wp-content\/uploads\/2025\/08\/ly-293x300.png 293w, https:\/\/lydenim.com\/wp-content\/uploads\/2025\/08\/ly-12x12.png 12w, https:\/\/lydenim.com\/wp-content\/uploads\/2025\/08\/ly-150x154.png 150w\" sizes=\"auto, (max-width: 600px) 100vw, 600px\" \/><p id=\"caption-attachment-6079\" class=\"wp-caption-text\">Lydenim<\/p><\/div><\/li>\n<\/ul>\n<h2>Conclus\u00e3o<\/h2>\n<p>Aprendendo a projetar um <strong>vestido jeans<\/strong> permite que voc\u00ea incorpore seu <strong>estilo pessoal<\/strong> com um <strong>material cl\u00e1ssico<\/strong>. Voc\u00ea pode fazer uma com confian\u00e7a <strong>vestido jeans personalizado<\/strong> isso \u00e9 ambos <strong>na moda<\/strong> e <strong>funcional<\/strong> seguindo um <strong>processo estruturado<\/strong> que come\u00e7a com <strong>coleta de inspira\u00e7\u00e3o<\/strong> e <strong>esbo\u00e7ando<\/strong>, continua com <strong>cria\u00e7\u00e3o de especifica\u00e7\u00f5es detalhadas<\/strong>, e conclui com <strong>revis\u00f5es completas<\/strong>. Em <strong>2025<\/strong>, o <strong>mundo do jeans<\/strong> \u00e9 impulsionado por ambos <strong>refer\u00eancias de design nost\u00e1lgico<\/strong> e <strong>sustentabilidade inovadora<\/strong> <a href=\"https:\/\/www.vogue.com\/article\/spring-denim-trends-experts\">[3]<\/a> <a href=\"https:\/\/www.fashionforgood.com\/our_news\/rethinking-denim\/\">[4]<\/a>. Com essas etapas, seu <strong>vestido jeans<\/strong> estar\u00e1 bem posicionado no <strong>mercado moderno<\/strong>. Comece hoje mesmo e seu pr\u00f3prio <strong>obra-prima do jeans<\/strong> aguarda!<\/p>\n<h2 dir=\"ltr\" data-pm-slice=\"1 1 []\">Servi\u00e7os de personaliza\u00e7\u00e3o da LYDENIM<\/h2>\n<p dir=\"ltr\" data-pm-slice=\"1 1 []\">Procurando pr\u00eamio <strong>\u00a0tecidos jeans<\/strong> ou sob medida <strong>\u00a0roupas jeans<\/strong>? A LYDENIM oferece solu\u00e7\u00f5es personalizadas para elevar seus objetivos de design e produ\u00e7\u00e3o com tecidos luxuosos e texturizados.<\/p>\n<p dir=\"ltr\">\ud83c\udfa8 <strong>Tecidos personalizados<\/strong>: Explore nosso jeans de alta qualidade, incluindo op\u00e7\u00f5es de jacquard e sarja de 4 tiras, ou crie misturas personalizadas (por exemplo, algod\u00e3o-chenile, chenile-elastano) com texturas exclusivas. Visite <a href=\"https:\/\/lydenim.com\/pt\/?s=Chenille&amp;post_type=product\"><strong>lydenim.com<\/strong><\/a> para descobrir nossa variedade.<\/p>\n<p dir=\"ltr\">\ud83d\udecd\ufe0f <strong>Vestu\u00e1rio personalizado<\/strong>: Crie pe\u00e7as jeans de destaque com nossas vers\u00e1teis tramas de chenille, desde jeans macios at\u00e9 jaquetas elegantes. Navegue e personalize em <a href=\"http:\/\/liangyuantextile.m.en.alibaba.com\"><strong>Myalibaba<\/strong><\/a>.<\/p>\n<p dir=\"ltr\">\ud83d\udce9 <strong>Contate-nos<\/strong>: Conecte-se com nossa equipe em <a href=\"mailto:malone@lydenim.com\"><strong>malone@lydenim.com<\/strong><\/a> para discutir suas necessidades de tecidos ou vestu\u00e1rio, desde padr\u00f5es de trama at\u00e9 misturas sustent\u00e1veis.<\/p>\n<p dir=\"ltr\">Crie sua vis\u00e3o com a LYDENIM - seu parceiro de confian\u00e7a para inova\u00e7\u00e3o e alta qualidade <strong>\u00a0tecidos jeans<\/strong> e solu\u00e7\u00f5es de vestu\u00e1rio personalizadas.<\/p>","protected":false},"excerpt":{"rendered":"<p>Tempo estimado de leitura: ~5 minutos Introdu\u00e7\u00e3o Desenhar um vestido jeans requer uma combina\u00e7\u00e3o de pensamento criativo e design funcional para<\/p>","protected":false},"author":1,"featured_media":6080,"comment_status":"open","ping_status":"open","sticky":false,"template":"","format":"standard","meta":{"two_page_speed":[],"footnotes":""},"categories":[76],"tags":[],"class_list":["post-6059","post","type-post","status-publish","format-standard","has-post-thumbnail","hentry","category-garment"],"aioseo_notices":[],"_links":{"self":[{"href":"https:\/\/lydenim.com\/pt\/wp-json\/wp\/v2\/posts\/6059","targetHints":{"allow":["GET"]}}],"collection":[{"href":"https:\/\/lydenim.com\/pt\/wp-json\/wp\/v2\/posts"}],"about":[{"href":"https:\/\/lydenim.com\/pt\/wp-json\/wp\/v2\/types\/post"}],"author":[{"embeddable":true,"href":"https:\/\/lydenim.com\/pt\/wp-json\/wp\/v2\/users\/1"}],"replies":[{"embeddable":true,"href":"https:\/\/lydenim.com\/pt\/wp-json\/wp\/v2\/comments?post=6059"}],"version-history":[{"count":2,"href":"https:\/\/lydenim.com\/pt\/wp-json\/wp\/v2\/posts\/6059\/revisions"}],"predecessor-version":[{"id":6081,"href":"https:\/\/lydenim.com\/pt\/wp-json\/wp\/v2\/posts\/6059\/revisions\/6081"}],"wp:featuredmedia":[{"embeddable":true,"href":"https:\/\/lydenim.com\/pt\/wp-json\/wp\/v2\/media\/6080"}],"wp:attachment":[{"href":"https:\/\/lydenim.com\/pt\/wp-json\/wp\/v2\/media?parent=6059"}],"wp:term":[{"taxonomy":"category","embeddable":true,"href":"https:\/\/lydenim.com\/pt\/wp-json\/wp\/v2\/categories?post=6059"},{"taxonomy":"post_tag","embeddable":true,"href":"https:\/\/lydenim.com\/pt\/wp-json\/wp\/v2\/tags?post=6059"}],"curies":[{"name":"wp","href":"https:\/\/api.w.org\/{rel}","templated":true}]}}