{"id":6136,"date":"2025-08-27T11:41:37","date_gmt":"2025-08-27T03:41:37","guid":{"rendered":"https:\/\/lydenim.com\/?p=6136"},"modified":"2025-08-27T16:44:15","modified_gmt":"2025-08-27T08:44:15","slug":"revolutionary-selvedge-denim-styles","status":"publish","type":"post","link":"https:\/\/lydenim.com\/pt\/estilos-revolucionarios-de-jeans-com-orla\/","title":{"rendered":"Estilos revolucion\u00e1rios de jeans com orla"},"content":{"rendered":"<h3 dir=\"ltr\" data-pm-slice=\"1 1 []\">Tempo estimado de leitura: ~4 minutos<\/h3>\n<h3 dir=\"ltr\" data-pm-slice=\"1 1 []\"><strong>O que \u00e9 <a href=\"https:\/\/lydenim.com\/pt\/?s=Selvedge&amp;post_type=product\">Selvedge Denim<\/a>?<\/strong><\/h3>\n<p dir=\"ltr\"><strong>Jeans com orla<\/strong> \u00e9 o <strong>borda firmemente tecida<\/strong> sobre <strong>jeans premium<\/strong>, muitas vezes terminado com um <strong>linha colorida<\/strong>. Em outras palavras, \u00e9 literalmente o <strong>\u201cvantagem pr\u00f3pria\u201d<\/strong> do <strong>tecido<\/strong>. Como <strong>Levi Strauss &amp; Co.<\/strong> historiador <strong>Tracey Panek<\/strong> notas, <strong>ourela<\/strong> (ou <strong>ourela<\/strong>) \u00e9 um <strong>borda vertical<\/strong> do <strong>tecido jeans<\/strong> que o impede de <strong>desvendando<\/strong>. O <strong>borda limpa e encadernada<\/strong> tornou-se um <strong>marca registrada do jeans de qualidade<\/strong>. <strong>Jeans com orla<\/strong> \u00e9 tecido em <strong>teares de lan\u00e7adeira tradicionais<\/strong>, que criam uma <strong>tecido estreito e apertado<\/strong> com <strong>bordas naturais<\/strong> que n\u00e3o <strong>briga<\/strong>. Historicamente, o <strong>jeans azul<\/strong> nasceu em 1873 quando <strong>Levi Strauss<\/strong> e alfaiate <strong>Jacob Davis<\/strong> patenteado <strong>rebites de metal<\/strong> sobre <strong>cal\u00e7as de trabalho<\/strong>, e por mais de um s\u00e9culo <strong>Jap\u00e3o<\/strong> tornou-se o <strong>epicentro da produ\u00e7\u00e3o de orlas premium<\/strong>. Diferente <strong>jeans el\u00e1stico moderno<\/strong>, <strong>ourela<\/strong> \u00e9 frequentemente vendido <strong>cru<\/strong> (sem lavar) para que os usu\u00e1rios possam <strong>quebre-o<\/strong> eles mesmos. <strong>Jeans com orla<\/strong> n\u00e3o possui inerentemente <strong>for\u00e7a<\/strong> mas desenvolve uma <strong>textura distinta<\/strong> que as pessoas valorizam como <strong>idades<\/strong>.<\/p>\n<div id=\"attachment_6120\" style=\"width: 610px\" class=\"wp-caption aligncenter\"><img loading=\"lazy\" decoding=\"async\" aria-describedby=\"caption-attachment-6120\" class=\"wp-image-6120\" src=\"https:\/\/lydenim.com\/wp-content\/uploads\/2025\/08\/c67f8027959b3fdaa5fc2c4a36ea3b52.jpg\" alt=\"\" width=\"600\" height=\"800\" srcset=\"https:\/\/lydenim.com\/wp-content\/uploads\/2025\/08\/c67f8027959b3fdaa5fc2c4a36ea3b52.jpg 1098w, https:\/\/lydenim.com\/wp-content\/uploads\/2025\/08\/c67f8027959b3fdaa5fc2c4a36ea3b52-225x300.jpg 225w, https:\/\/lydenim.com\/wp-content\/uploads\/2025\/08\/c67f8027959b3fdaa5fc2c4a36ea3b52-768x1024.jpg 768w, https:\/\/lydenim.com\/wp-content\/uploads\/2025\/08\/c67f8027959b3fdaa5fc2c4a36ea3b52-9x12.jpg 9w, https:\/\/lydenim.com\/wp-content\/uploads\/2025\/08\/c67f8027959b3fdaa5fc2c4a36ea3b52-600x800.jpg 600w, https:\/\/lydenim.com\/wp-content\/uploads\/2025\/08\/c67f8027959b3fdaa5fc2c4a36ea3b52-150x200.jpg 150w\" sizes=\"auto, (max-width: 600px) 100vw, 600px\" \/><p id=\"caption-attachment-6120\" class=\"wp-caption-text\">Cal\u00e7a jeans Selvedge Denim<\/p><\/div>\n<h3 dir=\"ltr\"><strong>Da sarja pura \u00e0 textura slub: uma revolu\u00e7\u00e3o t\u00e1til<\/strong><\/h3>\n<p dir=\"ltr\"><strong>Jeans cl\u00e1ssico com orla<\/strong> geralmente \u00e9 tecido em um <strong>sarja lisa e uniforme<\/strong>. Os fabricantes agora usam <strong>fios de l\u00e3<\/strong>\u2014<strong>fios irregulares mais grossos<\/strong> que criam <strong>solavancos intencionais<\/strong> e <strong>irregularidades<\/strong> em seus produtos. O <strong>tecido<\/strong> desenvolve um <strong>apar\u00eancia artesanal vintage<\/strong> logo ap\u00f3s o primeiro uso. Sobre <strong>20%<\/strong> de <strong>jeans premium<\/strong> hoje usa <strong>fios de l\u00e3<\/strong>. O resultado \u00e9 um \u201c<strong>sal e pimenta<\/strong>&quot; ou <strong>apar\u00eancia listrada<\/strong> e <strong>desbotamento muito personalizado<\/strong>. Na verdade, o <strong>segmentos grossos<\/strong> de <strong>fio de l\u00e3<\/strong> desgastam-se mais r\u00e1pido em <strong>\u00e1reas de alto estresse<\/strong> como o <strong>joelhos<\/strong> e <strong>assento<\/strong>, produzindo <strong>\u201cbigodes\u201d dram\u00e1ticos<\/strong> e <strong>desbotamento em favo de mel<\/strong> que s\u00e3o <strong>\u00fanico para cada usu\u00e1rio<\/strong>. Como um <strong>guia de jeans<\/strong> explica, <strong>jeans com orla infundida com slub<\/strong> come\u00e7a com um <strong>listras verticais sutis<\/strong> e <strong>textura semelhante a m\u00e1rmore<\/strong>, fazendo o <strong>desbotamentos eventuais<\/strong> mais <strong>impressionante<\/strong>. O <strong>inova\u00e7\u00e3o t\u00e1til<\/strong> traz <strong>durabilidade<\/strong> junto com <strong>estilo vintage<\/strong> para criar um visual que se assemelhe <strong>jeans desgastados<\/strong> do <strong>f\u00e1brica<\/strong>.<a href=\"https:\/\/lydenim.com\/pt\/produto\/773913e-orla-azul-pesada\/\"><img loading=\"lazy\" decoding=\"async\" class=\"aligncenter wp-image-4542\" src=\"https:\/\/lydenim.com\/wp-content\/uploads\/2025\/03\/IMG_6254.jpg\" alt=\"\" width=\"600\" height=\"600\" srcset=\"https:\/\/lydenim.com\/wp-content\/uploads\/2025\/03\/IMG_6254.jpg 2196w, https:\/\/lydenim.com\/wp-content\/uploads\/2025\/03\/IMG_6254-300x300.jpg 300w, https:\/\/lydenim.com\/wp-content\/uploads\/2025\/03\/IMG_6254-1024x1024.jpg 1024w, https:\/\/lydenim.com\/wp-content\/uploads\/2025\/03\/IMG_6254-150x150.jpg 150w, https:\/\/lydenim.com\/wp-content\/uploads\/2025\/03\/IMG_6254-768x768.jpg 768w, https:\/\/lydenim.com\/wp-content\/uploads\/2025\/03\/IMG_6254-1536x1536.jpg 1536w, https:\/\/lydenim.com\/wp-content\/uploads\/2025\/03\/IMG_6254-2048x2048.jpg 2048w, https:\/\/lydenim.com\/wp-content\/uploads\/2025\/03\/IMG_6254-12x12.jpg 12w, https:\/\/lydenim.com\/wp-content\/uploads\/2025\/03\/IMG_6254-600x600.jpg 600w\" sizes=\"auto, (max-width: 600px) 100vw, 600px\" \/><\/a><\/p>\n<h3 dir=\"ltr\"><strong>A Revolu\u00e7\u00e3o das Cores: Al\u00e9m do Azul e do Branco<\/strong><\/h3>\n<p dir=\"ltr\">Tradicionalmente, <strong>jeans com orla<\/strong> \u00e9 <strong>\u00edndigo<\/strong> do lado de fora com um <strong>trama branca<\/strong>, mas <strong>tend\u00eancias modernas<\/strong> explodiram o <strong>paleta de cores<\/strong>. As marcas agora est\u00e3o tecendo <strong>preto<\/strong>, <strong>\u00edndigo profundo<\/strong>, <strong>amarelo<\/strong>, e at\u00e9 mesmo <strong>pastel<\/strong> ou <strong>tecidos de orla neon<\/strong>. O <strong>ind\u00fastria da moda<\/strong> relata que <strong>jeans colorido<\/strong> fornece aos consumidores uma <strong>alternativa da moda<\/strong> para <strong>jeans azul tradicional<\/strong> para aqueles que querem expressar sua <strong>estilo pessoal<\/strong>. Comum <strong>combina\u00e7\u00f5es inovadoras<\/strong> incluem:<\/p>\n<ul class=\"tight\" dir=\"ltr\" data-tight=\"true\">\n<li>\n<p dir=\"ltr\"><strong>Preto sobre preto<\/strong>: Um <strong>visual elegante e minimalista<\/strong> onde at\u00e9 mesmo o <strong>trama<\/strong> \u00e9 tingido <strong>preto<\/strong>.<a href=\"https:\/\/lydenim.com\/pt\/produto\/a7389k-2a-orla-preta\/\"><img loading=\"lazy\" decoding=\"async\" class=\"aligncenter wp-image-4537\" src=\"https:\/\/lydenim.com\/wp-content\/uploads\/2025\/03\/IMG_6251.jpg\" alt=\"\" width=\"600\" height=\"600\" srcset=\"https:\/\/lydenim.com\/wp-content\/uploads\/2025\/03\/IMG_6251.jpg 2196w, https:\/\/lydenim.com\/wp-content\/uploads\/2025\/03\/IMG_6251-300x300.jpg 300w, https:\/\/lydenim.com\/wp-content\/uploads\/2025\/03\/IMG_6251-1024x1024.jpg 1024w, https:\/\/lydenim.com\/wp-content\/uploads\/2025\/03\/IMG_6251-150x150.jpg 150w, https:\/\/lydenim.com\/wp-content\/uploads\/2025\/03\/IMG_6251-768x768.jpg 768w, https:\/\/lydenim.com\/wp-content\/uploads\/2025\/03\/IMG_6251-1536x1536.jpg 1536w, https:\/\/lydenim.com\/wp-content\/uploads\/2025\/03\/IMG_6251-2048x2048.jpg 2048w, https:\/\/lydenim.com\/wp-content\/uploads\/2025\/03\/IMG_6251-12x12.jpg 12w, https:\/\/lydenim.com\/wp-content\/uploads\/2025\/03\/IMG_6251-600x600.jpg 600w\" sizes=\"auto, (max-width: 600px) 100vw, 600px\" \/><\/a><\/p>\n<\/li>\n<li>\n<p dir=\"ltr\"><strong>\u00cdndigo profundo\/branco<\/strong>: Um <strong>base rica em \u00edndigo<\/strong> que se transforma em <strong>branco brilhante<\/strong> com o passar do tempo para criar <strong>forte contraste visual<\/strong>.<img loading=\"lazy\" decoding=\"async\" class=\"aligncenter wp-image-4541\" src=\"https:\/\/lydenim.com\/wp-content\/uploads\/2025\/03\/IMG_6253.jpg\" alt=\"\" width=\"600\" height=\"600\" srcset=\"https:\/\/lydenim.com\/wp-content\/uploads\/2025\/03\/IMG_6253.jpg 2196w, https:\/\/lydenim.com\/wp-content\/uploads\/2025\/03\/IMG_6253-300x300.jpg 300w, https:\/\/lydenim.com\/wp-content\/uploads\/2025\/03\/IMG_6253-1024x1024.jpg 1024w, https:\/\/lydenim.com\/wp-content\/uploads\/2025\/03\/IMG_6253-150x150.jpg 150w, https:\/\/lydenim.com\/wp-content\/uploads\/2025\/03\/IMG_6253-768x768.jpg 768w, https:\/\/lydenim.com\/wp-content\/uploads\/2025\/03\/IMG_6253-1536x1536.jpg 1536w, https:\/\/lydenim.com\/wp-content\/uploads\/2025\/03\/IMG_6253-2048x2048.jpg 2048w, https:\/\/lydenim.com\/wp-content\/uploads\/2025\/03\/IMG_6253-12x12.jpg 12w, https:\/\/lydenim.com\/wp-content\/uploads\/2025\/03\/IMG_6253-600x600.jpg 600w\" sizes=\"auto, (max-width: 600px) 100vw, 600px\" \/><\/p>\n<\/li>\n<li>\n<p dir=\"ltr\"><strong>Amarelo\/branco<\/strong>: Um <strong>tom vibrante de ver\u00e3o<\/strong> que cria um <strong>forte contraste<\/strong> com o <strong>trama branca<\/strong>.<a href=\"https:\/\/lydenim.com\/pt\/produto\/zl4331323-jeans-com-orla\/\"><img loading=\"lazy\" decoding=\"async\" class=\"aligncenter wp-image-4465\" src=\"https:\/\/lydenim.com\/wp-content\/uploads\/2025\/03\/IMG_6169.jpg\" alt=\"\" width=\"600\" height=\"600\" srcset=\"https:\/\/lydenim.com\/wp-content\/uploads\/2025\/03\/IMG_6169.jpg 2196w, https:\/\/lydenim.com\/wp-content\/uploads\/2025\/03\/IMG_6169-300x300.jpg 300w, https:\/\/lydenim.com\/wp-content\/uploads\/2025\/03\/IMG_6169-1024x1024.jpg 1024w, https:\/\/lydenim.com\/wp-content\/uploads\/2025\/03\/IMG_6169-150x150.jpg 150w, https:\/\/lydenim.com\/wp-content\/uploads\/2025\/03\/IMG_6169-768x768.jpg 768w, https:\/\/lydenim.com\/wp-content\/uploads\/2025\/03\/IMG_6169-1536x1536.jpg 1536w, https:\/\/lydenim.com\/wp-content\/uploads\/2025\/03\/IMG_6169-2048x2048.jpg 2048w, https:\/\/lydenim.com\/wp-content\/uploads\/2025\/03\/IMG_6169-12x12.jpg 12w, https:\/\/lydenim.com\/wp-content\/uploads\/2025\/03\/IMG_6169-600x600.jpg 600w\" sizes=\"auto, (max-width: 600px) 100vw, 600px\" \/><\/a><\/p>\n<\/li>\n<\/ul>\n<p dir=\"ltr\"><strong>Demanda<\/strong> para <strong>cores n\u00e3o tradicionais<\/strong> surgiu entre <strong>consumidores mais jovens<\/strong>: muitos <strong>Millennials<\/strong> e <strong>Gera\u00e7\u00e3o Z<\/strong> os compradores agora preferem <strong>tons vibrantes de jeans<\/strong> sobre <strong>azul cl\u00e1ssico<\/strong>. O <strong>nova paleta de cores<\/strong> n\u00e3o afeta o <strong>caracter\u00edsticas de desbotamento<\/strong> destes <strong>tecidos de orla<\/strong>, que mant\u00eam a sua <strong>potencial de desbotamento do jeans cru<\/strong>. O processo de <strong>lavando<\/strong> e <strong>vestindo jeans<\/strong> resultados em <strong>p\u00e1tinas distintas<\/strong> que criam um <strong>din\u00e2mico<\/strong> e <strong>apar\u00eancia pessoal<\/strong> para cada <strong>vestu\u00e1rio<\/strong>. Resumidamente, <strong>jeans com orla colorida<\/strong> permite que as pessoas mostrem seus <strong>personalidade<\/strong> mantendo ao mesmo tempo o <strong>desbotamentos profundos<\/strong> e <strong>artesanato<\/strong> que <strong>ourela<\/strong> \u00e9 famosa por.<\/p>\n<h3 dir=\"ltr\"><strong>Edge Artistry: Vermelho n\u00e3o \u00e9 a \u00fanica cor<\/strong><\/h3>\n<p dir=\"ltr\">O <strong>borda de orla<\/strong>, que as pessoas comumente chamam de \u201c<strong>linha vermelha<\/strong>\u201d, serve como um <strong>indicador de status tradicional<\/strong>, mas <strong>designers modernos<\/strong> agora use-o para criar <strong>desenhos art\u00edsticos<\/strong>. Por exemplo, <strong>Moinhos de cone<\/strong> desenvolveu um <strong>orla vermelha<\/strong> exclusivamente para <strong>Cal\u00e7a jeans Levi&#039;s 501\u00ae<\/strong> em 1927: uma <strong>fio vermelho \u00fanico<\/strong> correndo atrav\u00e9s do <strong>borda branca<\/strong> para identificar o <strong>tecido<\/strong> como <strong>Levi&#039;s jeans<\/strong>. As marcas come\u00e7aram a usar <strong>IDs de orlas coloridas<\/strong> em <strong>preto<\/strong>, <strong>amarelo<\/strong>, <strong>verde<\/strong>, e <strong>listras de arco-\u00edris<\/strong> nos dias atuais. Como um <strong>editora de moda<\/strong> notas, <strong>designers<\/strong> est\u00e3o usando \u201c<strong>orla arco-\u00edris<\/strong>&quot; e &quot;<strong>orla da lista vermelha<\/strong>&quot;bordas como <strong>acentos comemorativos<\/strong>. O ato de <strong>rolamento de punho<\/strong> revela estes <strong>explos\u00f5es de cor<\/strong>, o que torna o <strong>borda de orla<\/strong> um <strong>identificador pessoal \u00fanico<\/strong>. O <strong>sotaques fortes<\/strong> servir para <strong>distinguir marcas<\/strong> ao habilitar <strong>clientes<\/strong> para <strong>personalizar<\/strong> deles <strong>escolhas de moda<\/strong> entre <strong>bordas de orla pretas b\u00e1sicas<\/strong> e <strong>listras amarelas divertidas<\/strong>, que criam uma <strong>visual moderno inconfund\u00edvel<\/strong>.<a href=\"https:\/\/lydenim.com\/pt\/produto\/tecido-73817-pol-com-9-orlas\/\"><img loading=\"lazy\" decoding=\"async\" class=\"aligncenter wp-image-4473\" src=\"https:\/\/lydenim.com\/wp-content\/uploads\/2025\/03\/IMG_6181.jpg\" alt=\"\" width=\"600\" height=\"600\" srcset=\"https:\/\/lydenim.com\/wp-content\/uploads\/2025\/03\/IMG_6181.jpg 2196w, https:\/\/lydenim.com\/wp-content\/uploads\/2025\/03\/IMG_6181-300x300.jpg 300w, https:\/\/lydenim.com\/wp-content\/uploads\/2025\/03\/IMG_6181-1024x1024.jpg 1024w, https:\/\/lydenim.com\/wp-content\/uploads\/2025\/03\/IMG_6181-150x150.jpg 150w, https:\/\/lydenim.com\/wp-content\/uploads\/2025\/03\/IMG_6181-768x768.jpg 768w, https:\/\/lydenim.com\/wp-content\/uploads\/2025\/03\/IMG_6181-1536x1536.jpg 1536w, https:\/\/lydenim.com\/wp-content\/uploads\/2025\/03\/IMG_6181-2048x2048.jpg 2048w, https:\/\/lydenim.com\/wp-content\/uploads\/2025\/03\/IMG_6181-12x12.jpg 12w, https:\/\/lydenim.com\/wp-content\/uploads\/2025\/03\/IMG_6181-600x600.jpg 600w\" sizes=\"auto, (max-width: 600px) 100vw, 600px\" \/><\/a><\/p>\n<h3 dir=\"ltr\"><strong>Inova\u00e7\u00f5es sustent\u00e1veis em jeans com orla<\/strong><\/h3>\n<p dir=\"ltr\"><strong>Sustentabilidade<\/strong> est\u00e1 se remodelando <strong>jeans com orla<\/strong>. O <strong>ind\u00fastria t\u00eaxtil<\/strong> adotou <strong>algod\u00e3o org\u00e2nico<\/strong>, <strong>fibras recicladas<\/strong>, e <strong>corantes inovadores e ecol\u00f3gicos<\/strong> em muitos <strong>moinhos<\/strong> diminuir <strong>impacto ambiental<\/strong>. <strong>Marcas<\/strong> que se concentram em <strong>sustentabilidade<\/strong> em <strong>produ\u00e7\u00e3o de jeans<\/strong> est\u00e3o atraindo mais <strong>clientes<\/strong>. A implementa\u00e7\u00e3o de <strong>novo tingimento<\/strong> e <strong>t\u00e9cnicas de acabamento<\/strong> leva a <strong>conserva\u00e7\u00e3o substancial de \u00e1gua<\/strong> porque esses m\u00e9todos diminuem <strong>uso de \u00e1gua<\/strong> por aproximadamente <strong>40%<\/strong> em rela\u00e7\u00e3o a <strong>m\u00e9todos convencionais<\/strong>. O uso de <strong>lasers<\/strong> ou <strong>oz\u00f4nio<\/strong> em vez de <strong>produtos qu\u00edmicos agressivos<\/strong> ajuda a <strong>minimizar o consumo de \u00e1gua<\/strong>. <strong>Corantes vegetais<\/strong> e <strong>alternativas naturais ao \u00edndigo<\/strong> fornecer ambos <strong>novas op\u00e7\u00f5es de cores<\/strong> e <strong>alternativas ecol\u00f3gicas<\/strong>. <strong>Denim com orla sustent\u00e1vel<\/strong> mant\u00e9m o mesmo <strong>apar\u00eancia<\/strong> e <strong>durabilidade<\/strong> como <strong>jeans tradicional<\/strong> porque requer <strong>menos \u00e1gua<\/strong> e <strong>menos produtos qu\u00edmicos t\u00f3xicos<\/strong> durante <strong>produ\u00e7\u00e3o<\/strong>. O moderno <strong>tecido eco-selvedge<\/strong> a cole\u00e7\u00e3o fornece <strong>moda \u00e9tica paz de esp\u00edrito<\/strong> para <strong>consumidores<\/strong> que valorizam <strong>sustentabilidade<\/strong> mantendo ao mesmo tempo o <strong>durabilidade<\/strong> que <strong>tecido de orla<\/strong> \u00e9 conhecido por.<img loading=\"lazy\" decoding=\"async\" class=\"aligncenter wp-image-4495\" src=\"https:\/\/lydenim.com\/wp-content\/uploads\/2025\/03\/IMG_6206.jpg\" alt=\"\" width=\"600\" height=\"600\" srcset=\"https:\/\/lydenim.com\/wp-content\/uploads\/2025\/03\/IMG_6206.jpg 2196w, https:\/\/lydenim.com\/wp-content\/uploads\/2025\/03\/IMG_6206-300x300.jpg 300w, https:\/\/lydenim.com\/wp-content\/uploads\/2025\/03\/IMG_6206-1024x1024.jpg 1024w, https:\/\/lydenim.com\/wp-content\/uploads\/2025\/03\/IMG_6206-150x150.jpg 150w, https:\/\/lydenim.com\/wp-content\/uploads\/2025\/03\/IMG_6206-768x768.jpg 768w, https:\/\/lydenim.com\/wp-content\/uploads\/2025\/03\/IMG_6206-1536x1536.jpg 1536w, https:\/\/lydenim.com\/wp-content\/uploads\/2025\/03\/IMG_6206-2048x2048.jpg 2048w, https:\/\/lydenim.com\/wp-content\/uploads\/2025\/03\/IMG_6206-12x12.jpg 12w, https:\/\/lydenim.com\/wp-content\/uploads\/2025\/03\/IMG_6206-600x600.jpg 600w\" sizes=\"auto, (max-width: 600px) 100vw, 600px\" \/><\/p>\n<h3 dir=\"ltr\"><strong>Tecidos H\u00edbridos: Misturando Tradi\u00e7\u00e3o e Inova\u00e7\u00e3o<\/strong><\/h3>\n<p dir=\"ltr\"><strong>Jeans com orla<\/strong> cont\u00e9m <strong>tramas h\u00edbridas<\/strong> que combinam <strong>sarja<\/strong> com <strong>espinha de peixe<\/strong> ou <strong>sarja quebrada<\/strong> padr\u00f5es al\u00e9m de <strong>texturas slub<\/strong>. O <strong>padr\u00f5es detalhados<\/strong> criar <strong>interesse visual<\/strong> e um <strong>toque suave<\/strong> que apela a <strong>consumidores contempor\u00e2neos<\/strong>. O uso de <strong>v\u00e1rios fios<\/strong> cria <strong>padr\u00f5es intrincados em zigue-zague<\/strong> e <strong>linhas diagonais quebradas<\/strong> qual <strong>atrair o olhar<\/strong>. <strong>Entusiastas do jeans<\/strong> relat\u00f3rio crescente <strong>demanda<\/strong> para estes <strong>tecidos de orla h\u00edbrida<\/strong>, pois eles mant\u00eam o <strong>for\u00e7a<\/strong> de <strong>orla cl\u00e1ssica<\/strong> enquanto sentindo <strong>mais flex\u00edvel<\/strong>. <strong>Tecidos h\u00edbridos<\/strong> estabelecer um <strong>posi\u00e7\u00e3o de mercado<\/strong> atrav\u00e9s da sua combina\u00e7\u00e3o de <strong>durabilidade<\/strong> com <strong>conforto<\/strong> e <strong>elementos de design inovadores<\/strong> que criam <strong>jeans elegantes e vers\u00e1teis com orla<\/strong> e <strong>jaquetas<\/strong>.<img loading=\"lazy\" decoding=\"async\" class=\"aligncenter wp-image-5429\" src=\"https:\/\/lydenim.com\/wp-content\/uploads\/2025\/06\/Denim-Quality.jpg\" alt=\"\" width=\"600\" height=\"401\" srcset=\"https:\/\/lydenim.com\/wp-content\/uploads\/2025\/06\/Denim-Quality.jpg 1617w, https:\/\/lydenim.com\/wp-content\/uploads\/2025\/06\/Denim-Quality-300x200.jpg 300w, https:\/\/lydenim.com\/wp-content\/uploads\/2025\/06\/Denim-Quality-1024x684.jpg 1024w, https:\/\/lydenim.com\/wp-content\/uploads\/2025\/06\/Denim-Quality-768x513.jpg 768w, https:\/\/lydenim.com\/wp-content\/uploads\/2025\/06\/Denim-Quality-1536x1026.jpg 1536w, https:\/\/lydenim.com\/wp-content\/uploads\/2025\/06\/Denim-Quality-18x12.jpg 18w, https:\/\/lydenim.com\/wp-content\/uploads\/2025\/06\/Denim-Quality-600x401.jpg 600w, https:\/\/lydenim.com\/wp-content\/uploads\/2025\/06\/Denim-Quality-150x100.jpg 150w\" sizes=\"auto, (max-width: 600px) 100vw, 600px\" \/><\/p>\n<h3 dir=\"ltr\"><strong>Pr\u00f3s e contras do jeans com orla<\/strong><\/h3>\n<h4 dir=\"ltr\"><strong>Pr\u00f3s<\/strong><\/h4>\n<ul class=\"tight\" dir=\"ltr\" data-tight=\"true\">\n<li>\n<p dir=\"ltr\"><strong>Durabilidade excepcional<\/strong> (muitas vezes durando muito mais do que <strong>jeans produzido em massa<\/strong>).<\/p>\n<\/li>\n<li>\n<p dir=\"ltr\"><strong>Envelhecimento verdadeiramente \u00fanico<\/strong> (<strong>orla crua<\/strong> desenvolve <strong>fades altamente personalizados<\/strong>).<\/p>\n<\/li>\n<li>\n<p dir=\"ltr\"><strong>Alto apelo artesanal<\/strong>.<\/p>\n<\/li>\n<li>\n<p dir=\"ltr\">Muitos <strong>op\u00e7\u00f5es de orla<\/strong> tamb\u00e9m s\u00e3o mais <strong>ecologicamente correto<\/strong>: por exemplo, usando <strong>materiais sustent\u00e1veis<\/strong> e <strong>processos<\/strong> pode cortar <strong>uso de \u00e1gua<\/strong> por volta de <strong>40%<\/strong>. Essas qualidades fazem <strong>jeans com orla<\/strong> desej\u00e1vel para <strong>consumidores preocupados com a qualidade<\/strong>.<\/p>\n<\/li>\n<\/ul>\n<h4 dir=\"ltr\"><strong>Contras<\/strong><\/h4>\n<ul class=\"tight\" dir=\"ltr\" data-tight=\"true\">\n<li>\n<p dir=\"ltr\"><strong>Pre\u00e7o premium<\/strong> \u2013 o custo de <strong>produ\u00e7\u00e3o de teares de lan\u00e7adeira<\/strong> e <strong>materiais premium<\/strong> normalmente coloca <strong>ourela<\/strong> <strong>15\u201325%<\/strong> acima <strong>jeans padr\u00e3o<\/strong>.<\/p>\n<\/li>\n<li>\n<p dir=\"ltr\"><strong>Novo denim com orla<\/strong> tamb\u00e9m pode ser <strong>inicialmente r\u00edgido<\/strong>; o <strong>tecido cru<\/strong> geralmente precisa <strong>semanas de uso<\/strong> para <strong>suavizar<\/strong> e <strong>conforme seu corpo<\/strong>.<\/p>\n<\/li>\n<li>\n<p dir=\"ltr\"><strong>Tecidos de orla tingidos vibrantes<\/strong> s\u00e3o menos comuns, ent\u00e3o alguns <strong>estilos de cores\/bordas<\/strong> talvez <strong>dif\u00edcil de encontrar<\/strong> em <strong>lojas de mercado de massa<\/strong>.<\/p>\n<\/li>\n<\/ul>\n<h3 dir=\"ltr\"><strong>Conclus\u00e3o<\/strong><\/h3>\n<p dir=\"ltr\"><strong>Jeans com orla<\/strong> existe como um <strong>desenvolvimento t\u00eaxtil<\/strong> que combina <strong>m\u00e9todos tradicionais de fabrica\u00e7\u00e3o<\/strong> com <strong>aspectos de design moderno<\/strong>. De <strong>fios texturizados slub<\/strong> e <strong>novos tons vibrantes<\/strong> para <strong>IDs de orlas em negrito<\/strong> e <strong>materiais ecologicamente corretos<\/strong>, de hoje <strong>jeans com orla<\/strong> e <strong>jaquetas<\/strong> v\u00e3o muito al\u00e9m de seus <strong>ra\u00edzes do vestu\u00e1rio de trabalho<\/strong>. O <strong>mercado de jeans premium<\/strong> \u00e9 <strong>crescente<\/strong>, e estes <strong>estilos revolucion\u00e1rios<\/strong> garantir que <strong>ourela<\/strong> continua sendo um <strong>\u00edcone da moda aut\u00eantica e personalizada<\/strong>. Abra\u00e7ando estes <strong>tend\u00eancias<\/strong> permite que voc\u00ea crie <strong>pe\u00e7as jeans<\/strong> que s\u00e3o como <strong>vers\u00e1til<\/strong> como eles s\u00e3o <strong>intemporal<\/strong> \u2013 seu pr\u00f3ximo <strong>obra-prima do jeans<\/strong> est\u00e1 esperando para ser <strong>usado em<\/strong>.<\/p>\n<h2 dir=\"ltr\" data-pm-slice=\"1 1 []\">Servi\u00e7os de personaliza\u00e7\u00e3o da LYDENIM<\/h2>\n<p dir=\"ltr\">Procurando tecidos jeans premium ou pe\u00e7as jeans sob medida? A LYDENIM oferece solu\u00e7\u00f5es personalizadas para dar vida \u00e0 sua vis\u00e3o criativa com texturas exclusivas e de alta qualidade.<\/p>\n<p dir=\"ltr\">\ud83c\udfa8 <strong>Tecidos personalizados<\/strong>: Descubra nosso premium <strong>ourela<\/strong> cole\u00e7\u00e3o jeans e crie seus pr\u00f3prios tecidos com uma variedade de cores, padr\u00f5es e texturas que combinam com seu estilo. Explore nossas ofertas em <a href=\"https:\/\/lydenim.com\/pt\/?s=Selvedge&amp;post_type=product\">lydenim.com.<\/a><\/p>\n<p dir=\"ltr\">\ud83d\udecd\ufe0f <strong>Vestu\u00e1rio personalizado<\/strong>: Crie distintivos <strong>ourela <\/strong>Pe\u00e7as jeans com nossas luxuosas tramas, de jeans confort\u00e1veis a jaquetas sofisticadas. Escolha suas cores e estilos favoritos para personalizar <a href=\"https:\/\/liangyuantextile.m.en.alibaba.com\/search\/product?SearchText=selvedge\">Meualibaba.<\/a><\/p>\n<p dir=\"ltr\">\ud83d\udce9 <strong>Contate-nos<\/strong>: Entre em contato com nossa equipe em <a href=\"mailto:malone@lydenim.com\">malone@lydenim.com<\/a> para discutir suas ideias de tecidos ou vestu\u00e1rio, desde padr\u00f5es de trama at\u00e9 misturas ecol\u00f3gicas.<\/p>\n<p dir=\"ltr\">Transforme sua vis\u00e3o \u00fanica em realidade com a LYDENIM, sua parceira de confian\u00e7a para tecidos jeans inovadores e solu\u00e7\u00f5es de vestu\u00e1rio personalizadas.<\/p>","protected":false},"excerpt":{"rendered":"<p>Tempo estimado de leitura: ~4 minutos O que \u00e9 jeans com orla? O jeans com orla \u00e9 a borda bem tran\u00e7ada em jeans premium, geralmente<\/p>","protected":false},"author":1,"featured_media":6401,"comment_status":"open","ping_status":"open","sticky":false,"template":"","format":"standard","meta":{"two_page_speed":[],"footnotes":""},"categories":[66],"tags":[],"class_list":["post-6136","post","type-post","status-publish","format-standard","has-post-thumbnail","hentry","category-denim-knowledge"],"aioseo_notices":[],"_links":{"self":[{"href":"https:\/\/lydenim.com\/pt\/wp-json\/wp\/v2\/posts\/6136","targetHints":{"allow":["GET"]}}],"collection":[{"href":"https:\/\/lydenim.com\/pt\/wp-json\/wp\/v2\/posts"}],"about":[{"href":"https:\/\/lydenim.com\/pt\/wp-json\/wp\/v2\/types\/post"}],"author":[{"embeddable":true,"href":"https:\/\/lydenim.com\/pt\/wp-json\/wp\/v2\/users\/1"}],"replies":[{"embeddable":true,"href":"https:\/\/lydenim.com\/pt\/wp-json\/wp\/v2\/comments?post=6136"}],"version-history":[{"count":2,"href":"https:\/\/lydenim.com\/pt\/wp-json\/wp\/v2\/posts\/6136\/revisions"}],"predecessor-version":[{"id":6400,"href":"https:\/\/lydenim.com\/pt\/wp-json\/wp\/v2\/posts\/6136\/revisions\/6400"}],"wp:featuredmedia":[{"embeddable":true,"href":"https:\/\/lydenim.com\/pt\/wp-json\/wp\/v2\/media\/6401"}],"wp:attachment":[{"href":"https:\/\/lydenim.com\/pt\/wp-json\/wp\/v2\/media?parent=6136"}],"wp:term":[{"taxonomy":"category","embeddable":true,"href":"https:\/\/lydenim.com\/pt\/wp-json\/wp\/v2\/categories?post=6136"},{"taxonomy":"post_tag","embeddable":true,"href":"https:\/\/lydenim.com\/pt\/wp-json\/wp\/v2\/tags?post=6136"}],"curies":[{"name":"wp","href":"https:\/\/api.w.org\/{rel}","templated":true}]}}