{"id":6145,"date":"2025-08-29T14:04:36","date_gmt":"2025-08-29T06:04:36","guid":{"rendered":"https:\/\/lydenim.com\/?p=6145"},"modified":"2025-08-29T14:04:36","modified_gmt":"2025-08-29T06:04:36","slug":"the-challenge-of-finding-a-perfect-fit","status":"publish","type":"post","link":"https:\/\/lydenim.com\/pt\/o-desafio-de-encontrar-um-ajuste-perfeito\/","title":{"rendered":"O desafio de encontrar o ajuste perfeito"},"content":{"rendered":"<h3 dir=\"ltr\"><strong>Tempo estimado de leitura: ~6 minutos<\/strong><\/h3>\n<h3 dir=\"ltr\"><strong>Introdu\u00e7\u00e3o: O desafio de encontrar o ajuste perfeito<\/strong><\/h3>\n<p dir=\"ltr\">Voc\u00ea j\u00e1 colocou um <strong>jaqueta<\/strong> ou <strong>cal\u00e7a<\/strong> que apareceu <strong>perfeito<\/strong> na hora de fazer compras, mas acabou se sentindo desconfort\u00e1vel na hora de usar? Voc\u00ea n\u00e3o est\u00e1 sozinho. <strong>Roupas prontas para uso em massa (OTR)<\/strong> existe para <strong>formas corporais padr\u00e3o<\/strong>, mas as pessoas na vida real t\u00eam as suas pr\u00f3prias <strong>formas corporais \u00fanicas<\/strong> e <strong>medi\u00e7\u00f5es<\/strong>. De acordo com <strong>Statista (2024)<\/strong>, o global <strong>mercado de vestu\u00e1rio<\/strong> alcan\u00e7ado <strong>$1,7 trilh\u00e3o<\/strong> em valor, enquanto <strong>McKinsey (2024)<\/strong> mostra que <strong>62% de consumidores<\/strong> escolher <strong>qualidade de ajuste<\/strong> acima do pre\u00e7o. Este guia analisa <strong>problemas de dimensionamento<\/strong> em <strong>roupas prontas para uso<\/strong>, examina os efeitos prejudiciais de <strong>ajuste inadequado<\/strong>, e mostra por que <strong>solu\u00e7\u00f5es personalizadas<\/strong> fornecer superior <strong>conforto<\/strong> junto com <strong>estilo<\/strong>. Conhecimento sobre <strong>problemas de ajuste<\/strong> em roupas ir\u00e1 ajud\u00e1-lo a atingir seu <strong>melhor apar\u00eancia<\/strong> ambos <strong>profissionalmente<\/strong> e <strong>socialmente<\/strong>.<\/p>\n<h3 dir=\"ltr\"><strong>1. Problemas de padr\u00e3o: por que os \u201ctamanhos padr\u00e3o\u201d n\u00e3o s\u00e3o padr\u00e3o<\/strong><\/h3>\n<p dir=\"ltr\"><strong>Produ\u00e7\u00e3o em massa<\/strong> de <strong>Roupas OTR<\/strong> depende de <strong>padr\u00f5es graduados<\/strong> que come\u00e7am com um tamanho de amostra (por exemplo, m\u00e9dio) e depois ajustam os tamanhos para cima ou para baixo. O processo de fabrica\u00e7\u00e3o parte das seguintes premissas:<\/p>\n<ul class=\"tight\" dir=\"ltr\" data-tight=\"true\">\n<li>\n<p dir=\"ltr\"><strong>Propor\u00e7\u00f5es<\/strong> aumentar a uma taxa constante, de modo que um peito maior resultar\u00e1 em bra\u00e7os mais longos.<\/p>\n<\/li>\n<li>\n<p dir=\"ltr\"><strong>Corpos<\/strong> mostrar <strong>simetria perfeita<\/strong> j\u00e1 que os lados esquerdo e direito combinam perfeitamente.<\/p>\n<\/li>\n<li>\n<p dir=\"ltr\">UM <strong>postura normal<\/strong> mant\u00e9m as costas retas e os ombros nivelados, sem qualquer inclina\u00e7\u00e3o para frente ou para tr\u00e1s.<\/p>\n<\/li>\n<\/ul>\n<p dir=\"ltr\">Corpos reais quebram essas regras:<\/p>\n<ul class=\"tight\" dir=\"ltr\" data-tight=\"true\">\n<li>\n<p dir=\"ltr\"><strong>Ombros estreitos<\/strong> com um <strong>peito mais cheio<\/strong>.<\/p>\n<\/li>\n<li>\n<p dir=\"ltr\"><strong>Bra\u00e7os longos<\/strong> mas um <strong>torso curto<\/strong>.<\/p>\n<\/li>\n<li>\n<p dir=\"ltr\"><strong>Postura para frente<\/strong> do trabalho de mesa ou <strong>ombros irregulares<\/strong>.<\/p>\n<\/li>\n<\/ul>\n<p dir=\"ltr\">UM <strong>Estudo Fit Analytics de 2024<\/strong> demonstrou que <strong>65% de consumidores<\/strong> tratar <strong>tamanhos de marca inconsistentes<\/strong> o que resulta em roupas que parecem <strong>quase certo<\/strong> mas nunca <strong>muito certo<\/strong>.<\/p>\n<div id=\"attachment_6429\" style=\"width: 610px\" class=\"wp-caption aligncenter\"><img loading=\"lazy\" decoding=\"async\" aria-describedby=\"caption-attachment-6429\" class=\"wp-image-6429\" src=\"https:\/\/lydenim.com\/wp-content\/uploads\/2025\/08\/\u8eab\u4f53\u95ee\u9898.png\" alt=\"\" width=\"600\" height=\"799\" srcset=\"https:\/\/lydenim.com\/wp-content\/uploads\/2025\/08\/\u8eab\u4f53\u95ee\u9898.png 347w, https:\/\/lydenim.com\/wp-content\/uploads\/2025\/08\/\u8eab\u4f53\u95ee\u9898-225x300.png 225w, https:\/\/lydenim.com\/wp-content\/uploads\/2025\/08\/\u8eab\u4f53\u95ee\u9898-9x12.png 9w, https:\/\/lydenim.com\/wp-content\/uploads\/2025\/08\/\u8eab\u4f53\u95ee\u9898-150x200.png 150w\" sizes=\"auto, (max-width: 600px) 100vw, 600px\" \/><p id=\"caption-attachment-6429\" class=\"wp-caption-text\">Problemas f\u00edsicos<\/p><\/div>\n<h3 dir=\"ltr\"><strong>2. O Efeito Cascata: Como um Desajuste Impacta Todo o Visual<\/strong><\/h3>\n<p dir=\"ltr\">O inteiro <strong>silhueta<\/strong> \u00e9 interrompido quando um <strong>medi\u00e7\u00e3o<\/strong> d\u00e1 errado:<\/p>\n<ul class=\"tight\" dir=\"ltr\" data-tight=\"true\">\n<li>\n<p dir=\"ltr\"><strong>Ombros<\/strong>:Muito estreito causa pux\u00f5es; muito largo faz com que as mangas fiquem ca\u00eddas.<\/p>\n<\/li>\n<li>\n<p dir=\"ltr\"><strong>Equil\u00edbrio (comprimento frontal vs. traseiro)<\/strong>: <strong>Postura para frente<\/strong> precisa de uma frente mais longa para evitar alargamento da bainha ou tens\u00e3o nos bot\u00f5es.<\/p>\n<\/li>\n<li>\n<p dir=\"ltr\"><strong>Comprimento da manga\/bainha<\/strong>: Meia polegada muito longa parece emprestada; muito curta parece estranha.<\/p>\n<\/li>\n<li>\n<p dir=\"ltr\"><strong>Virilha\/Quadril (Cal\u00e7as)<\/strong>:Muito raso causa pux\u00f5es; muito profundo resulta em flacidez.<\/p>\n<\/li>\n<li>\n<p dir=\"ltr\"><strong>Coloca\u00e7\u00e3o da cintura<\/strong>: Deve estar alinhado com o seu <strong>cintura natural<\/strong> bajular <strong>jaquetas<\/strong>, <strong>cal\u00e7a<\/strong>, ou <strong>vestidos<\/strong>.<\/p>\n<\/li>\n<\/ul>\n<p dir=\"ltr\">Pesquisa conduzida pela <strong>Instituto de Moda em 2023<\/strong> mostrou que <strong>ombro<\/strong> e <strong>problemas de equil\u00edbrio<\/strong> conta para <strong>70% de reclama\u00e7\u00f5es de ajuste OTR<\/strong>, o que indica <strong>problemas de ajuste<\/strong> est\u00e3o presentes em todo o sistema.<\/p>\n<div id=\"attachment_6422\" style=\"width: 610px\" class=\"wp-caption aligncenter\"><img loading=\"lazy\" decoding=\"async\" aria-describedby=\"caption-attachment-6422\" class=\"wp-image-6422\" src=\"https:\/\/lydenim.com\/wp-content\/uploads\/2025\/08\/8bdd95ee8b05c4f741469a4213472866.jpg\" alt=\"\" width=\"600\" height=\"480\" srcset=\"https:\/\/lydenim.com\/wp-content\/uploads\/2025\/08\/8bdd95ee8b05c4f741469a4213472866.jpg 908w, https:\/\/lydenim.com\/wp-content\/uploads\/2025\/08\/8bdd95ee8b05c4f741469a4213472866-300x240.jpg 300w, https:\/\/lydenim.com\/wp-content\/uploads\/2025\/08\/8bdd95ee8b05c4f741469a4213472866-768x614.jpg 768w, https:\/\/lydenim.com\/wp-content\/uploads\/2025\/08\/8bdd95ee8b05c4f741469a4213472866-15x12.jpg 15w, https:\/\/lydenim.com\/wp-content\/uploads\/2025\/08\/8bdd95ee8b05c4f741469a4213472866-600x480.jpg 600w, https:\/\/lydenim.com\/wp-content\/uploads\/2025\/08\/8bdd95ee8b05c4f741469a4213472866-150x120.jpg 150w\" sizes=\"auto, (max-width: 600px) 100vw, 600px\" \/><p id=\"caption-attachment-6422\" class=\"wp-caption-text\">O efeito de n\u00e3o se encaixar<\/p><\/div>\n<h3 dir=\"ltr\"><strong>3. Conforto: a verdadeira medida do ajuste<\/strong><\/h3>\n<p dir=\"ltr\"><strong>Ajustar<\/strong> n\u00e3o se limita aos aspectos visuais, pois influencia diretamente a forma como <strong>confort\u00e1vel<\/strong> voc\u00ea sente em seu <strong>roupas<\/strong>. <strong>Conforto<\/strong> inclui:<\/p>\n<ul class=\"tight\" dir=\"ltr\" data-tight=\"true\">\n<li>\n<p dir=\"ltr\"><strong>Ajuste est\u00e1tico<\/strong>: Parece bom quando est\u00e1 parado.<\/p>\n<\/li>\n<li>\n<p dir=\"ltr\"><strong>Ajuste din\u00e2mico<\/strong>: Permite f\u00e1cil movimenta\u00e7\u00e3o para alcan\u00e7ar, sentar ou caminhar.<\/p>\n<\/li>\n<li>\n<p dir=\"ltr\"><strong>Facilidade mental<\/strong>: N\u00e3o h\u00e1 necessidade de puxar, ajustar ou se preocupar com o seu <strong>roupa<\/strong>.<\/p>\n<\/li>\n<\/ul>\n<p dir=\"ltr\">Apropriado <strong>ajustar<\/strong> em <strong>roupas<\/strong> aumenta <strong>n\u00edveis de confian\u00e7a<\/strong> porque <strong>80% de consumidores<\/strong> acredite melhor <strong>ajustar<\/strong> cria mais alto <strong>autoestima<\/strong> de acordo com <strong>Vestu\u00e1rio Hoje (2024)<\/strong>.<\/p>\n<div id=\"attachment_6430\" style=\"width: 610px\" class=\"wp-caption aligncenter\"><img loading=\"lazy\" decoding=\"async\" aria-describedby=\"caption-attachment-6430\" class=\"wp-image-6430\" src=\"https:\/\/lydenim.com\/wp-content\/uploads\/2025\/08\/\u5408\u8eab\u95ee\u9898.png\" alt=\"\" width=\"600\" height=\"451\" srcset=\"https:\/\/lydenim.com\/wp-content\/uploads\/2025\/08\/\u5408\u8eab\u95ee\u9898.png 547w, https:\/\/lydenim.com\/wp-content\/uploads\/2025\/08\/\u5408\u8eab\u95ee\u9898-300x225.png 300w, https:\/\/lydenim.com\/wp-content\/uploads\/2025\/08\/\u5408\u8eab\u95ee\u9898-16x12.png 16w, https:\/\/lydenim.com\/wp-content\/uploads\/2025\/08\/\u5408\u8eab\u95ee\u9898-150x113.png 150w\" sizes=\"auto, (max-width: 600px) 100vw, 600px\" \/><p id=\"caption-attachment-6430\" class=\"wp-caption-text\">O problema do encaixe<\/p><\/div>\n<h3 dir=\"ltr\"><strong>4. Altera\u00e7\u00f5es: Limites e Custos Ocultos<\/strong><\/h3>\n<p dir=\"ltr\"><strong>Alfaiates qualificados<\/strong> pode melhorar <strong>roupas prontas para uso<\/strong> mas eles enfrentam certos <strong>limita\u00e7\u00f5es<\/strong> ao fazer isso:<\/p>\n<ul class=\"tight\" dir=\"ltr\" data-tight=\"true\">\n<li>\n<p dir=\"ltr\"><strong>Largura dos ombros<\/strong>:O processo de ajustamento requer custos elevados e acarreta riscos significativos e altera todo o <strong>estrutura da vestimenta<\/strong>.<\/p>\n<\/li>\n<li>\n<p dir=\"ltr\"><strong>Profundidade da cava<\/strong>:Muito baixo restringe o movimento; levant\u00e1-lo \u00e9 complexo.<\/p>\n<\/li>\n<li>\n<p dir=\"ltr\"><strong>Equil\u00edbrio<\/strong>:Um comprimento frontal curto n\u00e3o pode ser facilmente corrigido para um ajuste adequado <strong>drape<\/strong>.<\/p>\n<\/li>\n<li>\n<p dir=\"ltr\"><strong>Grande redimensionamento<\/strong>:Alterando <strong>lapelas<\/strong>, <strong>bolsos<\/strong>, ou <strong>posicionamento dos bot\u00f5es<\/strong> distorce o design.<\/p>\n<\/li>\n<\/ul>\n<p dir=\"ltr\">A despesa combinada de altera\u00e7\u00e3o de um <strong>Jaqueta OTR<\/strong> e seu pre\u00e7o inicial \u00e9 igual ao custo de um <strong>pe\u00e7a de roupa feita sob medida<\/strong> que vem <strong>tamanho perfeito<\/strong> (<strong>Tend\u00eancias T\u00eaxteis, 2024<\/strong>).<\/p>\n<div id=\"attachment_6419\" style=\"width: 610px\" class=\"wp-caption aligncenter\"><img loading=\"lazy\" decoding=\"async\" aria-describedby=\"caption-attachment-6419\" class=\"wp-image-6419\" src=\"https:\/\/lydenim.com\/wp-content\/uploads\/2025\/08\/5c58f85db9cba60330b5c44002e0a512.jpg\" alt=\"\" width=\"600\" height=\"800\" srcset=\"https:\/\/lydenim.com\/wp-content\/uploads\/2025\/08\/5c58f85db9cba60330b5c44002e0a512.jpg 1112w, https:\/\/lydenim.com\/wp-content\/uploads\/2025\/08\/5c58f85db9cba60330b5c44002e0a512-225x300.jpg 225w, https:\/\/lydenim.com\/wp-content\/uploads\/2025\/08\/5c58f85db9cba60330b5c44002e0a512-768x1024.jpg 768w, https:\/\/lydenim.com\/wp-content\/uploads\/2025\/08\/5c58f85db9cba60330b5c44002e0a512-9x12.jpg 9w, https:\/\/lydenim.com\/wp-content\/uploads\/2025\/08\/5c58f85db9cba60330b5c44002e0a512-600x800.jpg 600w, https:\/\/lydenim.com\/wp-content\/uploads\/2025\/08\/5c58f85db9cba60330b5c44002e0a512-150x200.jpg 150w\" sizes=\"auto, (max-width: 600px) 100vw, 600px\" \/><p id=\"caption-attachment-6419\" class=\"wp-caption-text\">Altera\u00e7\u00f5es<\/p><\/div>\n<h3 dir=\"ltr\"><strong>5. Como \u00e9 o \u201cajuste perfeito\u201d<\/strong><\/h3>\n<h4 dir=\"ltr\"><strong>Jaquetas\/Ternos<\/strong><\/h4>\n<ul class=\"tight\" dir=\"ltr\" data-tight=\"true\">\n<li>\n<p dir=\"ltr\">O <strong>costuras dos ombros<\/strong> da sua vestimenta deve corresponder exatamente onde voc\u00ea <strong>ombros<\/strong> pare enquanto o <strong>mangas<\/strong> deve estender-se sem desfiar.<\/p>\n<\/li>\n<li>\n<p dir=\"ltr\">O <strong>lapelas<\/strong> da sua vestimenta deve ficar plana contra o seu <strong>pesco\u00e7o<\/strong> sem nenhuma lacuna vis\u00edvel.<\/p>\n<\/li>\n<li>\n<p dir=\"ltr\">O <strong>ponto de bot\u00e3o<\/strong> deve corresponder ao seu corpo <strong>cintura natural<\/strong> e evite qualquer sinal de tens\u00e3o.<\/p>\n<\/li>\n<li>\n<p dir=\"ltr\">Quando seu <strong>bra\u00e7os<\/strong> est\u00e3o em repouso <strong>mangas<\/strong> mostre um pequeno vislumbre do seu <strong>punho da camisa<\/strong>.<\/p>\n<\/li>\n<li>\n<p dir=\"ltr\"><strong>Bainha<\/strong> senta-se uniformemente sem inclinar para a frente.<\/p>\n<p><div id=\"attachment_6420\" style=\"width: 610px\" class=\"wp-caption aligncenter\"><img loading=\"lazy\" decoding=\"async\" aria-describedby=\"caption-attachment-6420\" class=\"wp-image-6420\" src=\"https:\/\/lydenim.com\/wp-content\/uploads\/2025\/08\/06c51db58d745c2c9146b13026a661f1.jpg\" alt=\"\" width=\"600\" height=\"450\" srcset=\"https:\/\/lydenim.com\/wp-content\/uploads\/2025\/08\/06c51db58d745c2c9146b13026a661f1.jpg 1221w, https:\/\/lydenim.com\/wp-content\/uploads\/2025\/08\/06c51db58d745c2c9146b13026a661f1-300x225.jpg 300w, https:\/\/lydenim.com\/wp-content\/uploads\/2025\/08\/06c51db58d745c2c9146b13026a661f1-1024x768.jpg 1024w, https:\/\/lydenim.com\/wp-content\/uploads\/2025\/08\/06c51db58d745c2c9146b13026a661f1-768x576.jpg 768w, https:\/\/lydenim.com\/wp-content\/uploads\/2025\/08\/06c51db58d745c2c9146b13026a661f1-16x12.jpg 16w, https:\/\/lydenim.com\/wp-content\/uploads\/2025\/08\/06c51db58d745c2c9146b13026a661f1-600x450.jpg 600w, https:\/\/lydenim.com\/wp-content\/uploads\/2025\/08\/06c51db58d745c2c9146b13026a661f1-150x113.jpg 150w\" sizes=\"auto, (max-width: 600px) 100vw, 600px\" \/><p id=\"caption-attachment-6420\" class=\"wp-caption-text\">Ajuste perfeito<\/p><\/div><\/li>\n<\/ul>\n<h4 dir=\"ltr\"><strong>Cal\u00e7a<\/strong><\/h4>\n<ul class=\"tight\" dir=\"ltr\" data-tight=\"true\">\n<li>\n<p dir=\"ltr\">O <strong>ascender<\/strong> deve fornecer <strong>capacidade de sentar-se confortavelmente<\/strong> sem causar qualquer pux\u00e3o.<\/p>\n<\/li>\n<li>\n<p dir=\"ltr\"><strong>Quadris<\/strong> encaixe perfeitamente, n\u00e3o <strong>bigodes<\/strong> ou <strong>flacidez<\/strong>.<\/p>\n<\/li>\n<li>\n<p dir=\"ltr\"><strong>Linha da perna<\/strong> est\u00e1 limpo; <strong>quebrar<\/strong> nos sapatos \u00e9 intencional (parte inteira, metade ou sem quebra).<\/p>\n<\/li>\n<\/ul>\n<p dir=\"ltr\">O primeiro passo na cria\u00e7\u00e3o <strong>roupas bem proporcionadas<\/strong> \u00e9 aprender sobre o seu <strong>tipo de corpo<\/strong> para que voc\u00ea possa selecionar o apropriado <strong>medidas de roupas<\/strong>.<\/p>\n<div id=\"attachment_6428\" style=\"width: 610px\" class=\"wp-caption aligncenter\"><img loading=\"lazy\" decoding=\"async\" aria-describedby=\"caption-attachment-6428\" class=\"wp-image-6428\" src=\"https:\/\/lydenim.com\/wp-content\/uploads\/2025\/08\/fc73c092c0e6c7c002349719401d36e8.jpg\" alt=\"\" width=\"600\" height=\"895\" srcset=\"https:\/\/lydenim.com\/wp-content\/uploads\/2025\/08\/fc73c092c0e6c7c002349719401d36e8.jpg 1439w, https:\/\/lydenim.com\/wp-content\/uploads\/2025\/08\/fc73c092c0e6c7c002349719401d36e8-201x300.jpg 201w, https:\/\/lydenim.com\/wp-content\/uploads\/2025\/08\/fc73c092c0e6c7c002349719401d36e8-687x1024.jpg 687w, https:\/\/lydenim.com\/wp-content\/uploads\/2025\/08\/fc73c092c0e6c7c002349719401d36e8-768x1145.jpg 768w, https:\/\/lydenim.com\/wp-content\/uploads\/2025\/08\/fc73c092c0e6c7c002349719401d36e8-1030x1536.jpg 1030w, https:\/\/lydenim.com\/wp-content\/uploads\/2025\/08\/fc73c092c0e6c7c002349719401d36e8-1373x2048.jpg 1373w, https:\/\/lydenim.com\/wp-content\/uploads\/2025\/08\/fc73c092c0e6c7c002349719401d36e8-8x12.jpg 8w, https:\/\/lydenim.com\/wp-content\/uploads\/2025\/08\/fc73c092c0e6c7c002349719401d36e8-600x895.jpg 600w, https:\/\/lydenim.com\/wp-content\/uploads\/2025\/08\/fc73c092c0e6c7c002349719401d36e8-150x224.jpg 150w\" sizes=\"auto, (max-width: 600px) 100vw, 600px\" \/><p id=\"caption-attachment-6428\" class=\"wp-caption-text\">Cal\u00e7a<\/p><\/div>\n<h3 dir=\"ltr\"><strong>6. Alfaiataria personalizada: criando o ajuste ideal para voc\u00ea<\/strong><\/h3>\n<p dir=\"ltr\"><strong>Alfaiataria personalizada<\/strong> usa t\u00e9cnicas de design para produzir <strong>roupas<\/strong> que se adapta a voc\u00ea <strong>formato do corpo<\/strong> junto com seu <strong>estilo de moda individual<\/strong>:<\/p>\n<ul class=\"tight\" dir=\"ltr\" data-tight=\"true\">\n<li>\n<p dir=\"ltr\">Seu <strong>sele\u00e7\u00e3o de roupas<\/strong> deve ser um <strong>blazer elegante<\/strong> ou um <strong>vestido esvoa\u00e7ante<\/strong> ou <strong>cal\u00e7as relaxadas<\/strong>.<\/p>\n<\/li>\n<li>\n<p dir=\"ltr\">Voc\u00ea tem a capacidade de modificar <strong>lapelas<\/strong> assim como <strong>bolsos<\/strong>, <strong>aberturas<\/strong>, e <strong>forros<\/strong>.<\/p>\n<\/li>\n<li>\n<p dir=\"ltr\">O processo de convers\u00e3o do seu <strong>medidas corporais<\/strong> produz <strong>declive do ombro<\/strong> e <strong>ascender<\/strong> ou <strong>passo da manga<\/strong> medi\u00e7\u00f5es.<\/p>\n<\/li>\n<li>\n<p dir=\"ltr\"><strong>Artesanato<\/strong>:Estruturado e pressionado para um <strong>cortina polida<\/strong>.<\/p>\n<\/li>\n<\/ul>\n<p dir=\"ltr\"><strong>Roupas personalizadas<\/strong> entregar <strong>ajuste sem esfor\u00e7o<\/strong>, com <strong>75% de clientes<\/strong> relatando maior satisfa\u00e7\u00e3o do que com <strong>OTR<\/strong> (<strong>Relat\u00f3rio de Varejo de Moda, 2024<\/strong>).<\/p>\n<div id=\"attachment_6421\" style=\"width: 610px\" class=\"wp-caption aligncenter\"><img loading=\"lazy\" decoding=\"async\" aria-describedby=\"caption-attachment-6421\" class=\"wp-image-6421\" src=\"https:\/\/lydenim.com\/wp-content\/uploads\/2025\/08\/6e34f9ab4f7b59ee5c5e4f33a2e3e001.jpg\" alt=\"\" width=\"600\" height=\"800\" srcset=\"https:\/\/lydenim.com\/wp-content\/uploads\/2025\/08\/6e34f9ab4f7b59ee5c5e4f33a2e3e001.jpg 1112w, https:\/\/lydenim.com\/wp-content\/uploads\/2025\/08\/6e34f9ab4f7b59ee5c5e4f33a2e3e001-225x300.jpg 225w, https:\/\/lydenim.com\/wp-content\/uploads\/2025\/08\/6e34f9ab4f7b59ee5c5e4f33a2e3e001-768x1024.jpg 768w, https:\/\/lydenim.com\/wp-content\/uploads\/2025\/08\/6e34f9ab4f7b59ee5c5e4f33a2e3e001-9x12.jpg 9w, https:\/\/lydenim.com\/wp-content\/uploads\/2025\/08\/6e34f9ab4f7b59ee5c5e4f33a2e3e001-600x800.jpg 600w, https:\/\/lydenim.com\/wp-content\/uploads\/2025\/08\/6e34f9ab4f7b59ee5c5e4f33a2e3e001-150x200.jpg 150w\" sizes=\"auto, (max-width: 600px) 100vw, 600px\" \/><p id=\"caption-attachment-6421\" class=\"wp-caption-text\">Alfaiataria personalizada<\/p><\/div>\n<h3 dir=\"ltr\"><strong>7. Propor\u00e7\u00f5es acima do tamanho: a chave para um estilo elegante<\/strong><\/h3>\n<p dir=\"ltr\"><strong>Roupas proporcionais<\/strong> criar um <strong>visual refinado<\/strong>:<\/p>\n<ul class=\"tight\" dir=\"ltr\" data-tight=\"true\">\n<li>\n<p dir=\"ltr\">A forma do seu <strong>lapelas<\/strong> deve corresponder \u00e0s dimens\u00f5es do seu <strong>\u00e1rea do ombro<\/strong>.<\/p>\n<\/li>\n<li>\n<p dir=\"ltr\">A posi\u00e7\u00e3o do <strong>bot\u00e3o<\/strong> corresponde \u00e0 medida do seu <strong>comprimento do corpo do tronco<\/strong>.<\/p>\n<\/li>\n<li>\n<p dir=\"ltr\"><strong>Coloca\u00e7\u00e3o de bolso<\/strong> bajuladores <strong>cintura<\/strong> e <strong>quadris<\/strong>.<\/p>\n<\/li>\n<li>\n<p dir=\"ltr\"><strong>Comprimento da bainha<\/strong> saldos <strong>propor\u00e7\u00f5es das pernas<\/strong>.<\/p>\n<\/li>\n<\/ul>\n<p dir=\"ltr\">O <strong>tamanho \u00fanico<\/strong> estrat\u00e9gia de <strong>OTR<\/strong> n\u00e3o se compara ao <strong>detalhes personalizados<\/strong> oferecido por <strong>alfaiataria personalizada<\/strong>. O <strong>medidas exatas<\/strong> em <strong>roupas sob medida<\/strong> fazer <strong>60% de consumidores<\/strong> v\u00ea-los como <strong>produtos de luxo<\/strong> de acordo com <strong>Vogue Neg\u00f3cios (2025)<\/strong>.<\/p>\n<div id=\"attachment_6425\" style=\"width: 610px\" class=\"wp-caption aligncenter\"><img loading=\"lazy\" decoding=\"async\" aria-describedby=\"caption-attachment-6425\" class=\"wp-image-6425\" src=\"https:\/\/lydenim.com\/wp-content\/uploads\/2025\/08\/686b998ca74b1f06f0127e4c73762fdb.jpg\" alt=\"\" width=\"600\" height=\"799\" srcset=\"https:\/\/lydenim.com\/wp-content\/uploads\/2025\/08\/686b998ca74b1f06f0127e4c73762fdb.jpg 1110w, https:\/\/lydenim.com\/wp-content\/uploads\/2025\/08\/686b998ca74b1f06f0127e4c73762fdb-225x300.jpg 225w, https:\/\/lydenim.com\/wp-content\/uploads\/2025\/08\/686b998ca74b1f06f0127e4c73762fdb-769x1024.jpg 769w, https:\/\/lydenim.com\/wp-content\/uploads\/2025\/08\/686b998ca74b1f06f0127e4c73762fdb-768x1023.jpg 768w, https:\/\/lydenim.com\/wp-content\/uploads\/2025\/08\/686b998ca74b1f06f0127e4c73762fdb-9x12.jpg 9w, https:\/\/lydenim.com\/wp-content\/uploads\/2025\/08\/686b998ca74b1f06f0127e4c73762fdb-600x799.jpg 600w, https:\/\/lydenim.com\/wp-content\/uploads\/2025\/08\/686b998ca74b1f06f0127e4c73762fdb-150x200.jpg 150w\" sizes=\"auto, (max-width: 600px) 100vw, 600px\" \/><p id=\"caption-attachment-6425\" class=\"wp-caption-text\">Propor\u00e7\u00f5es acima do tamanho: a chave para um estilo elegante<\/p><\/div>\n<h3 dir=\"ltr\"><strong>8. Arqu\u00e9tipos de estilo: como o ajuste molda a confian\u00e7a<\/strong><\/h3>\n<ul class=\"tight\" dir=\"ltr\" data-tight=\"true\">\n<li>\n<p dir=\"ltr\"><strong>Luxo Silencioso<\/strong>: <strong>Blazers de ombros largos<\/strong>, <strong>tons neutros<\/strong>, <strong>cintura natural<\/strong>. <strong>Tecidos<\/strong>: <strong>l\u00e3 de alta tor\u00e7\u00e3o<\/strong>, <strong>camelo<\/strong>, <strong>marinha<\/strong>. Perfeito para <strong>eleg\u00e2ncia discreta<\/strong>.<\/p>\n<\/li>\n<li>\n<p dir=\"ltr\"><strong>Patrim\u00f4nio Cl\u00e1ssico<\/strong>: <strong>Ombros estruturados<\/strong>, <strong>lapelas mais largas<\/strong>, <strong>trespassado<\/strong> op\u00e7\u00f5es. <strong>Tecidos<\/strong>: <strong>flanela<\/strong>, <strong>listras de giz<\/strong>. Ideal para <strong>ternos azul-marinho atemporais<\/strong>.<\/p>\n<\/li>\n<li>\n<p dir=\"ltr\"><strong>Criativo Moderno<\/strong>: <strong>Ombros relaxados<\/strong>, <strong>pernas mais largas<\/strong>, <strong>cortina fluida<\/strong>. <strong>Tecidos<\/strong>: <strong>misturas de l\u00e3 leve<\/strong>. Se adequa <strong>art\u00edstico<\/strong>, <strong>looks relaxados<\/strong>.<\/p>\n<\/li>\n<li>\n<p dir=\"ltr\"><strong>Minimalismo ousado<\/strong>: <strong>Jaquetas elegantes de abotoamento simples<\/strong>, <strong>lapelas afiadas<\/strong>. <strong>Tecidos<\/strong>: <strong>l\u00e3 crespa<\/strong>. Saldos <strong>autoridade<\/strong> e <strong>simplicidade<\/strong>.<\/p>\n<\/li>\n<\/ul>\n<p dir=\"ltr\">O <strong>ajuste certo<\/strong> faz as pessoas se sentirem mais <strong>presente<\/strong> em seus <strong>atividades di\u00e1rias<\/strong> porque <strong>85% de profissionais atuantes<\/strong> relatar melhor <strong>confian\u00e7a no local de trabalho<\/strong> ao usar <strong>roupas sob medida<\/strong> (<strong>CareerBuilder, 2024<\/strong>).<\/p>\n<div id=\"attachment_6427\" style=\"width: 610px\" class=\"wp-caption aligncenter\"><img loading=\"lazy\" decoding=\"async\" aria-describedby=\"caption-attachment-6427\" class=\"wp-image-6427\" src=\"https:\/\/lydenim.com\/wp-content\/uploads\/2025\/08\/cbc9d958f742cb060f9fdf28128a1451.jpg\" alt=\"\" width=\"600\" height=\"800\" srcset=\"https:\/\/lydenim.com\/wp-content\/uploads\/2025\/08\/cbc9d958f742cb060f9fdf28128a1451.jpg 1178w, https:\/\/lydenim.com\/wp-content\/uploads\/2025\/08\/cbc9d958f742cb060f9fdf28128a1451-225x300.jpg 225w, https:\/\/lydenim.com\/wp-content\/uploads\/2025\/08\/cbc9d958f742cb060f9fdf28128a1451-768x1024.jpg 768w, https:\/\/lydenim.com\/wp-content\/uploads\/2025\/08\/cbc9d958f742cb060f9fdf28128a1451-1152x1536.jpg 1152w, https:\/\/lydenim.com\/wp-content\/uploads\/2025\/08\/cbc9d958f742cb060f9fdf28128a1451-9x12.jpg 9w, https:\/\/lydenim.com\/wp-content\/uploads\/2025\/08\/cbc9d958f742cb060f9fdf28128a1451-600x800.jpg 600w, https:\/\/lydenim.com\/wp-content\/uploads\/2025\/08\/cbc9d958f742cb060f9fdf28128a1451-150x200.jpg 150w\" sizes=\"auto, (max-width: 600px) 100vw, 600px\" \/><p id=\"caption-attachment-6427\" class=\"wp-caption-text\">Arqu\u00e9tipos de Estilo<\/p><\/div>\n<h3 dir=\"ltr\"><strong>9. Custo por uso: o valor da alfaiataria personalizada<\/strong><\/h3>\n<ul class=\"tight\" dir=\"ltr\" data-tight=\"true\">\n<li>\n<p dir=\"ltr\">A compra de um <strong>Jaqueta OTR<\/strong> no <strong>$220<\/strong> junto com <strong>Custos de altera\u00e7\u00e3o $125<\/strong> resultados em <strong>$345<\/strong> mantendo ao mesmo tempo <strong>problemas de ajuste<\/strong>.<\/p>\n<\/li>\n<li>\n<p dir=\"ltr\">O <strong>vida \u00fatil de dois anos<\/strong> de um <strong>Jaqueta personalizada $300-$400<\/strong> permite <strong>100 usos<\/strong> o que resulta em <strong>$3-$4 por desgaste<\/strong>.<\/p>\n<\/li>\n<\/ul>\n<p dir=\"ltr\">De acordo com <strong>Tend\u00eancias T\u00eaxteis (2024)<\/strong>, <strong>alfaiataria personalizada<\/strong> oferece melhor <strong>valor<\/strong> e <strong>confian\u00e7a<\/strong> ent\u00e3o funciona como um <strong>escolha pr\u00e1tica<\/strong>.<\/p>\n<h3 dir=\"ltr\"><strong>10. Preocupa\u00e7\u00f5es comuns abordadas<\/strong><\/h3>\n<ul class=\"tight\" dir=\"ltr\" data-tight=\"true\">\n<li>\n<p dir=\"ltr\"><strong>\u201cN\u00e3o tenho tempo para costura.\u201d<\/strong> <strong>Medi\u00e7\u00f5es autoguiadas<\/strong> reserve minutos, economizando tempo em <strong>retornos<\/strong> ou <strong>altera\u00e7\u00f5es<\/strong>.<\/p>\n<\/li>\n<li>\n<p dir=\"ltr\"><strong>\u201cE se meu peso mudar?\u201d<\/strong> <strong>Projetos personalizados<\/strong> pode incluir <strong>mais solto<\/strong> ou <strong>ajustes confort\u00e1veis<\/strong> para flexibilidade.<\/p>\n<\/li>\n<li>\n<p dir=\"ltr\"><strong>\u201cRetornos me preocupam.\u201d<\/strong> Muitos <strong>provedores personalizados<\/strong> oferecer <strong>ajustes de ajuste<\/strong> para paz de esp\u00edrito.<\/p>\n<\/li>\n<li>\n<p dir=\"ltr\"><strong>\u201cEu n\u00e3o curto moda.\u201d<\/strong> <strong>Designs cl\u00e1ssicos<\/strong> garantir <strong>estilo atemporal<\/strong> sem complexidade.<\/p>\n<\/li>\n<\/ul>\n<h3 dir=\"ltr\"><strong>11. Mini-guia: Medindo em casa como um profissional<\/strong><\/h3>\n<ul class=\"tight\" dir=\"ltr\" data-tight=\"true\">\n<li>\n<p dir=\"ltr\"><strong>Ombros<\/strong>: Medir <strong>osso com osso<\/strong> nas costas, mantendo a fita nivelada.<\/p>\n<\/li>\n<li>\n<p dir=\"ltr\"><strong>Peito\/Busto<\/strong>: Enrole a fita horizontalmente, <strong>confortavelmente confort\u00e1vel<\/strong>; respire normalmente.<\/p>\n<\/li>\n<li>\n<p dir=\"ltr\"><strong>Cintura<\/strong>: Encontre o <strong>vinco natural<\/strong> ao dobrar para o lado; me\u00e7a ali.<\/p>\n<\/li>\n<li>\n<p dir=\"ltr\"><strong>Quadris<\/strong>: Me\u00e7a o <strong>parte mais completa<\/strong>, normalmente em torno de <strong>n\u00e1degas<\/strong>.<\/p>\n<\/li>\n<li>\n<p dir=\"ltr\"><strong>comprimento da manga<\/strong>: De <strong>ponto do ombro<\/strong> para <strong>osso do pulso<\/strong>, bra\u00e7o relaxado.<\/p>\n<\/li>\n<li>\n<p dir=\"ltr\"><strong>Comprimento da jaqueta<\/strong>: De <strong>base do pesco\u00e7o<\/strong> para <strong>bainha desejada<\/strong>.<\/p>\n<\/li>\n<li>\n<p dir=\"ltr\"><strong>Aumento da cal\u00e7a<\/strong>: De <strong>c\u00f3s frontal<\/strong>, sob o corpo, para <strong>c\u00f3s traseiro<\/strong>.<\/p>\n<\/li>\n<\/ul>\n<p dir=\"ltr\">Me\u00e7a duas vezes para <strong>precis\u00e3o<\/strong>; <strong>sistemas personalizados<\/strong> muitas vezes sinalizam discrep\u00e2ncias antes de cortar.<\/p>\n<div id=\"attachment_6424\" style=\"width: 610px\" class=\"wp-caption aligncenter\"><img loading=\"lazy\" decoding=\"async\" aria-describedby=\"caption-attachment-6424\" class=\"wp-image-6424\" src=\"https:\/\/lydenim.com\/wp-content\/uploads\/2025\/08\/0486d3ffbaaac93de20c84112c3cfb74.jpg\" alt=\"\" width=\"600\" height=\"296\" srcset=\"https:\/\/lydenim.com\/wp-content\/uploads\/2025\/08\/0486d3ffbaaac93de20c84112c3cfb74.jpg 1275w, https:\/\/lydenim.com\/wp-content\/uploads\/2025\/08\/0486d3ffbaaac93de20c84112c3cfb74-300x148.jpg 300w, https:\/\/lydenim.com\/wp-content\/uploads\/2025\/08\/0486d3ffbaaac93de20c84112c3cfb74-1024x504.jpg 1024w, https:\/\/lydenim.com\/wp-content\/uploads\/2025\/08\/0486d3ffbaaac93de20c84112c3cfb74-768x378.jpg 768w, https:\/\/lydenim.com\/wp-content\/uploads\/2025\/08\/0486d3ffbaaac93de20c84112c3cfb74-18x9.jpg 18w, https:\/\/lydenim.com\/wp-content\/uploads\/2025\/08\/0486d3ffbaaac93de20c84112c3cfb74-600x296.jpg 600w, https:\/\/lydenim.com\/wp-content\/uploads\/2025\/08\/0486d3ffbaaac93de20c84112c3cfb74-150x74.jpg 150w\" sizes=\"auto, (max-width: 600px) 100vw, 600px\" \/><p id=\"caption-attachment-6424\" class=\"wp-caption-text\">Mini-Guia<\/p><\/div>\n<h3 dir=\"ltr\"><strong>12. Tecido e constru\u00e7\u00e3o: o poder do drapeado<\/strong><\/h3>\n<ul class=\"tight\" dir=\"ltr\" data-tight=\"true\">\n<li>\n<p dir=\"ltr\"><strong>L\u00e3\/Misturas<\/strong>: <strong>Resistente a rugas<\/strong>, <strong>respir\u00e1vel<\/strong>, segura <strong>forma<\/strong>.<\/p>\n<\/li>\n<li>\n<p dir=\"ltr\"><strong>L\u00e3 de alta tor\u00e7\u00e3o<\/strong>: <strong>Anti-vincos<\/strong>, perfeito para <strong>viagem<\/strong>.<\/p>\n<\/li>\n<li>\n<p dir=\"ltr\"><strong>Misturas de flanela\/caxemira<\/strong>: <strong>Macio<\/strong>, <strong>luxuoso<\/strong> para o inverno.<\/p>\n<\/li>\n<li>\n<p dir=\"ltr\"><strong>Tela\/Prensagem<\/strong>: Garante <strong>crocante<\/strong>, <strong>linhas duradouras<\/strong>.<\/p>\n<\/li>\n<\/ul>\n<p dir=\"ltr\">Sua inicial <strong>compra personalizada<\/strong> deve come\u00e7ar com <strong>pe\u00e7as b\u00e1sicas de l\u00e3<\/strong> em <strong>marinha<\/strong> ou <strong>carv\u00e3o<\/strong> antes de adicionar <strong>forros personalizados<\/strong> ou <strong>bot\u00f5es<\/strong>.<\/p>\n<h3 dir=\"ltr\"><strong>Conclus\u00e3o<\/strong><\/h3>\n<p dir=\"ltr\">O processo de design de <strong>roupas prontas para uso<\/strong> produz <strong>resultados abaixo do padr\u00e3o<\/strong> porque ele usa <strong>medidas m\u00e9dias<\/strong> em vez de <strong>formas reais do corpo humano<\/strong>. <strong>Restri\u00e7\u00f5es de padr\u00e3o<\/strong> junto com o <strong>consequ\u00eancias de propaga\u00e7\u00e3o<\/strong> de <strong>ajuste inadequado<\/strong> liderar <strong>OTR<\/strong> falhar na entrega de ambos <strong>conforto<\/strong> e <strong>confian\u00e7a<\/strong> aos seus clientes. <strong>Alfaiataria personalizada<\/strong> cria <strong>roupas personalizadas<\/strong> atrav\u00e9s <strong>medi\u00e7\u00f5es<\/strong> do seu <strong>formato corporal individual<\/strong> e <strong>requisitos pessoais<\/strong>. O <strong>ind\u00fastria da moda<\/strong> espera <strong>62% de consumidores<\/strong> valorizar <strong>ajustar<\/strong> mais em <strong>2025<\/strong> (<strong>McKinsey, 2024<\/strong>), ent\u00e3o <strong>roupas sob medida<\/strong> fornece <strong>apar\u00eancia confiante<\/strong>, <strong>movimento natural<\/strong>, e <strong>autoconfian\u00e7a duradoura<\/strong>. Chegou a hora de descobrir o seu <strong>ajuste perfeito<\/strong> porque &quot;<strong>perto o suficiente<\/strong>&quot; n\u00e3o \u00e9 suficiente.<\/p>\n<h3 dir=\"ltr\" data-pm-slice=\"1 1 []\">Servi\u00e7os de personaliza\u00e7\u00e3o da LYDENIM<\/h3>\n<p dir=\"ltr\" data-pm-slice=\"1 1 []\">Procurando por perfeitamente ajustado <strong>roupas personalizadas<\/strong> ou <strong>tecido especializado<\/strong> Cortes? A LYDENIM oferece solu\u00e7\u00f5es personalizadas para dar vida \u00e0 sua vis\u00e3o com materiais premium e de alta qualidade.<\/p>\n<p dir=\"ltr\" data-pm-slice=\"1 1 []\">\ud83c\udfa8 <strong>Tecidos personalizados<\/strong>: Descubra nossos jeans premium e tecidos especiais, incluindo jacquard, sarja 4-arnes ou misturas personalizadas como algod\u00e3o-chenille ou chenille-elastano para texturas \u00fanicas. Explore nossa linha completa em<a href=\"https:\/\/lydenim.com\/pt\/\"> lydenim.com<\/a>.<\/p>\n<p dir=\"ltr\">\ud83d\udecd\ufe0f <strong>Vestu\u00e1rio personalizado<\/strong>Crie pe\u00e7as jeans com caimento perfeito, desde jeans estilosos at\u00e9 jaquetas sofisticadas, usando nossas vers\u00e1teis tramas de chenille. Crie e personalize suas roupas em <a href=\"http:\/\/liangyuantextile.m.en.alibaba.com\"><strong>Myalibaba<\/strong><\/a>.<\/p>\n<p dir=\"ltr\">\ud83d\udce9 <strong>Contate-nos<\/strong>: Conecte-se com nossa equipe em <a href=\"mailto:malone@lydenim.com\"><strong>malone@lydenim.com<\/strong><\/a> para discutir suas necessidades de tecidos ou vestu\u00e1rio, desde padr\u00f5es de trama at\u00e9 misturas sustent\u00e1veis.<\/p>\n<p dir=\"ltr\" data-pm-slice=\"1 1 []\">D\u00ea vida ao seu estilo com LYDENIM - seu parceiro de confian\u00e7a para inova\u00e7\u00e3o, <strong>solu\u00e7\u00f5es de roupas e tecidos personalizados de alta qualidade.<\/strong><\/p>","protected":false},"excerpt":{"rendered":"<p>Tempo estimado de leitura: ~6 minutos Introdu\u00e7\u00e3o: O desafio de encontrar o ajuste perfeito Voc\u00ea j\u00e1 vestiu uma jaqueta<\/p>","protected":false},"author":1,"featured_media":6432,"comment_status":"open","ping_status":"open","sticky":false,"template":"","format":"standard","meta":{"two_page_speed":[],"footnotes":""},"categories":[76],"tags":[],"class_list":["post-6145","post","type-post","status-publish","format-standard","has-post-thumbnail","hentry","category-garment"],"aioseo_notices":[],"_links":{"self":[{"href":"https:\/\/lydenim.com\/pt\/wp-json\/wp\/v2\/posts\/6145","targetHints":{"allow":["GET"]}}],"collection":[{"href":"https:\/\/lydenim.com\/pt\/wp-json\/wp\/v2\/posts"}],"about":[{"href":"https:\/\/lydenim.com\/pt\/wp-json\/wp\/v2\/types\/post"}],"author":[{"embeddable":true,"href":"https:\/\/lydenim.com\/pt\/wp-json\/wp\/v2\/users\/1"}],"replies":[{"embeddable":true,"href":"https:\/\/lydenim.com\/pt\/wp-json\/wp\/v2\/comments?post=6145"}],"version-history":[{"count":3,"href":"https:\/\/lydenim.com\/pt\/wp-json\/wp\/v2\/posts\/6145\/revisions"}],"predecessor-version":[{"id":6433,"href":"https:\/\/lydenim.com\/pt\/wp-json\/wp\/v2\/posts\/6145\/revisions\/6433"}],"wp:featuredmedia":[{"embeddable":true,"href":"https:\/\/lydenim.com\/pt\/wp-json\/wp\/v2\/media\/6432"}],"wp:attachment":[{"href":"https:\/\/lydenim.com\/pt\/wp-json\/wp\/v2\/media?parent=6145"}],"wp:term":[{"taxonomy":"category","embeddable":true,"href":"https:\/\/lydenim.com\/pt\/wp-json\/wp\/v2\/categories?post=6145"},{"taxonomy":"post_tag","embeddable":true,"href":"https:\/\/lydenim.com\/pt\/wp-json\/wp\/v2\/tags?post=6145"}],"curies":[{"name":"wp","href":"https:\/\/api.w.org\/{rel}","templated":true}]}}