{"id":6224,"date":"2025-09-11T11:54:27","date_gmt":"2025-09-11T03:54:27","guid":{"rendered":"https:\/\/lydenim.com\/?p=6224"},"modified":"2025-09-11T11:54:27","modified_gmt":"2025-09-11T03:54:27","slug":"what-is-denim-a-complete-guide","status":"publish","type":"post","link":"https:\/\/lydenim.com\/pt\/o-que-e-jeans-um-guia-completo\/","title":{"rendered":"O que \u00e9 jeans: um guia completo"},"content":{"rendered":"<h3 dir=\"auto\" style=\"text-align: center;\">\u00cdndice<\/h3>\n<ol dir=\"auto\">\n<li style=\"text-align: center;\"><strong>Introdu\u00e7\u00e3o ao Denim<\/strong><\/li>\n<li style=\"text-align: center;\"><strong>Origens e Evolu\u00e7\u00e3o do Denim<\/strong><\/li>\n<li style=\"text-align: center;\"><strong>Materiais e T\u00e9cnicas de Tecelagem<\/strong><\/li>\n<li style=\"text-align: center;\"><strong>Principais tipos de jeans<\/strong><\/li>\n<li style=\"text-align: center;\"><strong>Vantagens e desvantagens do jeans<\/strong><\/li>\n<li style=\"text-align: center;\"><strong>Cuidados e Manuten\u00e7\u00e3o do Denim<\/strong><\/li>\n<li style=\"text-align: center;\"><strong>Dicas para evitar o encolhimento do jeans<\/strong><\/li>\n<li style=\"text-align: center;\"><strong>Conclus\u00e3o<\/strong><\/li>\n<\/ol>\n<hr \/>\n<h3 dir=\"auto\">1. Introdu\u00e7\u00e3o ao Denim<\/h3>\n<p dir=\"auto\"><strong>Jeans<\/strong> \u00e9 resistente <strong>tecido de sarja de algod\u00e3o<\/strong>, ic\u00f4nico por seu uso em <strong>jeans<\/strong>. Tecido em um <strong>Tecido sarja 3\/1<\/strong>, apresenta fios de urdume tingidos com \u00edndigo sobre fios de trama n\u00e3o tingidos, criando o cl\u00e1ssico <strong>contraste azul e branco<\/strong>. Essa estrutura faz com que o denim <strong>desbotam naturalmente<\/strong>, desenvolvendo padr\u00f5es exclusivos em \u00e1reas de alto desgaste, tornando cada pe\u00e7a distinta.<\/p>\n<div id=\"attachment_6449\" style=\"width: 610px\" class=\"wp-caption aligncenter\"><img loading=\"lazy\" decoding=\"async\" aria-describedby=\"caption-attachment-6449\" class=\"wp-image-6449\" src=\"https:\/\/lydenim.com\/wp-content\/uploads\/2025\/08\/5dee0fd1422e7c39888f1a415f117dfd.jpg\" alt=\"\" width=\"600\" height=\"750\" srcset=\"https:\/\/lydenim.com\/wp-content\/uploads\/2025\/08\/5dee0fd1422e7c39888f1a415f117dfd.jpg 971w, https:\/\/lydenim.com\/wp-content\/uploads\/2025\/08\/5dee0fd1422e7c39888f1a415f117dfd-240x300.jpg 240w, https:\/\/lydenim.com\/wp-content\/uploads\/2025\/08\/5dee0fd1422e7c39888f1a415f117dfd-819x1024.jpg 819w, https:\/\/lydenim.com\/wp-content\/uploads\/2025\/08\/5dee0fd1422e7c39888f1a415f117dfd-768x960.jpg 768w, https:\/\/lydenim.com\/wp-content\/uploads\/2025\/08\/5dee0fd1422e7c39888f1a415f117dfd-10x12.jpg 10w, https:\/\/lydenim.com\/wp-content\/uploads\/2025\/08\/5dee0fd1422e7c39888f1a415f117dfd-600x750.jpg 600w, https:\/\/lydenim.com\/wp-content\/uploads\/2025\/08\/5dee0fd1422e7c39888f1a415f117dfd-150x188.jpg 150w\" sizes=\"auto, (max-width: 600px) 100vw, 600px\" \/><p id=\"caption-attachment-6449\" class=\"wp-caption-text\">Jeans<\/p><\/div>\n<h3 dir=\"auto\">2. Origens e Evolu\u00e7\u00e3o do Denim<\/h3>\n<p dir=\"auto\">Origin\u00e1rio dos Estados Unidos em meados do s\u00e9culo XIX, <strong>jeans<\/strong> foi criado para <strong>roupas de trabalho<\/strong>, servindo mineiros e trabalhadores devido \u00e0 sua <strong>durabilidade<\/strong>. No s\u00e9culo XX, tornou-se uma pedra angular da <strong>cultura americana<\/strong>, popularizado atrav\u00e9s da imagem de cowboy e de Hollywood. Hoje, <strong>jeans<\/strong> transcende <strong>jeans<\/strong>, aparecendo em jaquetas, saias e tecidos para casa, simbolizando rebeldia e estilo. Saiba mais em <a href=\"https:\/\/lydenim.com\/pt\/\" target=\"_blank\" rel=\"noopener noreferrer nofollow\">Blog da LYDenim sobre tecidos jeans<\/a>.<\/p>\n<div id=\"attachment_6454\" style=\"width: 610px\" class=\"wp-caption aligncenter\"><img loading=\"lazy\" decoding=\"async\" aria-describedby=\"caption-attachment-6454\" class=\"wp-image-6454\" src=\"https:\/\/lydenim.com\/wp-content\/uploads\/2025\/08\/49d5ee553d79a7db5be505302f7bc359.jpg\" alt=\"\" width=\"600\" height=\"750\" srcset=\"https:\/\/lydenim.com\/wp-content\/uploads\/2025\/08\/49d5ee553d79a7db5be505302f7bc359.jpg 1167w, https:\/\/lydenim.com\/wp-content\/uploads\/2025\/08\/49d5ee553d79a7db5be505302f7bc359-240x300.jpg 240w, https:\/\/lydenim.com\/wp-content\/uploads\/2025\/08\/49d5ee553d79a7db5be505302f7bc359-819x1024.jpg 819w, https:\/\/lydenim.com\/wp-content\/uploads\/2025\/08\/49d5ee553d79a7db5be505302f7bc359-768x960.jpg 768w, https:\/\/lydenim.com\/wp-content\/uploads\/2025\/08\/49d5ee553d79a7db5be505302f7bc359-10x12.jpg 10w, https:\/\/lydenim.com\/wp-content\/uploads\/2025\/08\/49d5ee553d79a7db5be505302f7bc359-600x750.jpg 600w, https:\/\/lydenim.com\/wp-content\/uploads\/2025\/08\/49d5ee553d79a7db5be505302f7bc359-150x188.jpg 150w\" sizes=\"auto, (max-width: 600px) 100vw, 600px\" \/><p id=\"caption-attachment-6454\" class=\"wp-caption-text\">Evolu\u00e7\u00e3o do Denim<\/p><\/div>\n<h3 dir=\"auto\">3. Materiais e T\u00e9cnicas de Tecelagem<\/h3>\n<p dir=\"auto\"><strong>Jeans<\/strong> \u00e9 feito principalmente de <strong>algod\u00e3o<\/strong>, oferecendo respirabilidade e conforto. Sua <strong>estruturas de trama<\/strong> definem sua textura e apar\u00eancia. De acordo com <a href=\"https:\/\/lydenim.com\/pt\/compreendendo-as-texturas-da-superficie-do-tecido-jeans-e-as-estruturas-de-trama-decodificadas\/\" target=\"_blank\" rel=\"noopener noreferrer nofollow\">Guia de tramas da LYDenim<\/a>, os principais tipos incluem:<\/p>\n<ul dir=\"auto\">\n<li><strong>Sarja \u00e0 direita<\/strong>: Comum, com cristas diagonais; parece r\u00edgido.\n<p><div id=\"attachment_6455\" style=\"width: 610px\" class=\"wp-caption aligncenter\"><img loading=\"lazy\" decoding=\"async\" aria-describedby=\"caption-attachment-6455\" class=\"wp-image-6455\" src=\"https:\/\/lydenim.com\/wp-content\/uploads\/2025\/08\/758825bff7d1ad935e374c53234bb6d8.jpg\" alt=\"\" width=\"600\" height=\"750\" srcset=\"https:\/\/lydenim.com\/wp-content\/uploads\/2025\/08\/758825bff7d1ad935e374c53234bb6d8.jpg 985w, https:\/\/lydenim.com\/wp-content\/uploads\/2025\/08\/758825bff7d1ad935e374c53234bb6d8-240x300.jpg 240w, https:\/\/lydenim.com\/wp-content\/uploads\/2025\/08\/758825bff7d1ad935e374c53234bb6d8-819x1024.jpg 819w, https:\/\/lydenim.com\/wp-content\/uploads\/2025\/08\/758825bff7d1ad935e374c53234bb6d8-768x960.jpg 768w, https:\/\/lydenim.com\/wp-content\/uploads\/2025\/08\/758825bff7d1ad935e374c53234bb6d8-10x12.jpg 10w, https:\/\/lydenim.com\/wp-content\/uploads\/2025\/08\/758825bff7d1ad935e374c53234bb6d8-600x750.jpg 600w, https:\/\/lydenim.com\/wp-content\/uploads\/2025\/08\/758825bff7d1ad935e374c53234bb6d8-150x187.jpg 150w\" sizes=\"auto, (max-width: 600px) 100vw, 600px\" \/><p id=\"caption-attachment-6455\" class=\"wp-caption-text\">Sarja \u00e0 direita<\/p><\/div><\/li>\n<li><strong>Sarja \u00e0 esquerda<\/strong>: Mais suave, com desbotamento mais suave.\n<p><div id=\"attachment_6451\" style=\"width: 610px\" class=\"wp-caption aligncenter\"><img loading=\"lazy\" decoding=\"async\" aria-describedby=\"caption-attachment-6451\" class=\"wp-image-6451\" src=\"https:\/\/lydenim.com\/wp-content\/uploads\/2025\/08\/8bb17324b8ae85ede6f5c3fd8321ec36.jpg\" alt=\"\" width=\"600\" height=\"750\" srcset=\"https:\/\/lydenim.com\/wp-content\/uploads\/2025\/08\/8bb17324b8ae85ede6f5c3fd8321ec36.jpg 988w, https:\/\/lydenim.com\/wp-content\/uploads\/2025\/08\/8bb17324b8ae85ede6f5c3fd8321ec36-240x300.jpg 240w, https:\/\/lydenim.com\/wp-content\/uploads\/2025\/08\/8bb17324b8ae85ede6f5c3fd8321ec36-819x1024.jpg 819w, https:\/\/lydenim.com\/wp-content\/uploads\/2025\/08\/8bb17324b8ae85ede6f5c3fd8321ec36-768x960.jpg 768w, https:\/\/lydenim.com\/wp-content\/uploads\/2025\/08\/8bb17324b8ae85ede6f5c3fd8321ec36-10x12.jpg 10w, https:\/\/lydenim.com\/wp-content\/uploads\/2025\/08\/8bb17324b8ae85ede6f5c3fd8321ec36-600x750.jpg 600w, https:\/\/lydenim.com\/wp-content\/uploads\/2025\/08\/8bb17324b8ae85ede6f5c3fd8321ec36-150x188.jpg 150w\" sizes=\"auto, (max-width: 600px) 100vw, 600px\" \/><p id=\"caption-attachment-6451\" class=\"wp-caption-text\">Sarja \u00e0 esquerda<\/p><\/div><\/li>\n<li><strong>Sarja quebrada<\/strong>: Padr\u00e3o em zigue-zague, reduzindo a tor\u00e7\u00e3o do tecido.\n<p><div id=\"attachment_6458\" style=\"width: 610px\" class=\"wp-caption aligncenter\"><img loading=\"lazy\" decoding=\"async\" aria-describedby=\"caption-attachment-6458\" class=\"wp-image-6458\" src=\"https:\/\/lydenim.com\/wp-content\/uploads\/2025\/08\/de00e9009fa67cebcfe6880ee36461b7.jpg\" alt=\"\" width=\"600\" height=\"750\" srcset=\"https:\/\/lydenim.com\/wp-content\/uploads\/2025\/08\/de00e9009fa67cebcfe6880ee36461b7.jpg 830w, https:\/\/lydenim.com\/wp-content\/uploads\/2025\/08\/de00e9009fa67cebcfe6880ee36461b7-240x300.jpg 240w, https:\/\/lydenim.com\/wp-content\/uploads\/2025\/08\/de00e9009fa67cebcfe6880ee36461b7-820x1024.jpg 820w, https:\/\/lydenim.com\/wp-content\/uploads\/2025\/08\/de00e9009fa67cebcfe6880ee36461b7-768x960.jpg 768w, https:\/\/lydenim.com\/wp-content\/uploads\/2025\/08\/de00e9009fa67cebcfe6880ee36461b7-10x12.jpg 10w, https:\/\/lydenim.com\/wp-content\/uploads\/2025\/08\/de00e9009fa67cebcfe6880ee36461b7-600x750.jpg 600w, https:\/\/lydenim.com\/wp-content\/uploads\/2025\/08\/de00e9009fa67cebcfe6880ee36461b7-150x187.jpg 150w\" sizes=\"auto, (max-width: 600px) 100vw, 600px\" \/><p id=\"caption-attachment-6458\" class=\"wp-caption-text\">Sarja quebrada<\/p><\/div><\/li>\n<\/ul>\n<h3 dir=\"auto\">4. Principais tipos de jeans<\/h3>\n<p dir=\"auto\">Moderno <strong>jeans<\/strong> varia para atender a diversas necessidades:<\/p>\n<ul dir=\"auto\">\n<li><strong>Denim Cl\u00e1ssico<\/strong>: Pesado, dur\u00e1vel; ideal para <strong>jeans<\/strong> e jaquetas.<\/li>\n<li><strong>Jeans Stretch<\/strong>: Algod\u00e3o misturado com elastano para flexibilidade; usado em <strong>jeans skinny<\/strong>.\n<p><div id=\"attachment_5605\" style=\"width: 610px\" class=\"wp-caption aligncenter\"><img loading=\"lazy\" decoding=\"async\" aria-describedby=\"caption-attachment-5605\" class=\"size-full wp-image-5605\" src=\"https:\/\/lydenim.com\/wp-content\/uploads\/2025\/06\/Denim-Stretch-.jpg\" alt=\"\" width=\"600\" height=\"800\" srcset=\"https:\/\/lydenim.com\/wp-content\/uploads\/2025\/06\/Denim-Stretch-.jpg 600w, https:\/\/lydenim.com\/wp-content\/uploads\/2025\/06\/Denim-Stretch--225x300.jpg 225w, https:\/\/lydenim.com\/wp-content\/uploads\/2025\/06\/Denim-Stretch--9x12.jpg 9w, https:\/\/lydenim.com\/wp-content\/uploads\/2025\/06\/Denim-Stretch--150x200.jpg 150w\" sizes=\"auto, (max-width: 600px) 100vw, 600px\" \/><p id=\"caption-attachment-5605\" class=\"wp-caption-text\">Jeans Stretch<\/p><\/div><\/li>\n<li><strong>Chambray<\/strong>: Leve, perfeito para camisas e roupas de ver\u00e3o.\n<p><div id=\"attachment_5619\" style=\"width: 610px\" class=\"wp-caption aligncenter\"><img loading=\"lazy\" decoding=\"async\" aria-describedby=\"caption-attachment-5619\" class=\"wp-image-5619\" src=\"https:\/\/lydenim.com\/wp-content\/uploads\/2025\/06\/DM_20250628035851_001.jpg\" alt=\"\" width=\"600\" height=\"600\" srcset=\"https:\/\/lydenim.com\/wp-content\/uploads\/2025\/06\/DM_20250628035851_001.jpg 2133w, https:\/\/lydenim.com\/wp-content\/uploads\/2025\/06\/DM_20250628035851_001-300x300.jpg 300w, https:\/\/lydenim.com\/wp-content\/uploads\/2025\/06\/DM_20250628035851_001-1024x1024.jpg 1024w, https:\/\/lydenim.com\/wp-content\/uploads\/2025\/06\/DM_20250628035851_001-150x150.jpg 150w, https:\/\/lydenim.com\/wp-content\/uploads\/2025\/06\/DM_20250628035851_001-768x768.jpg 768w, https:\/\/lydenim.com\/wp-content\/uploads\/2025\/06\/DM_20250628035851_001-1536x1536.jpg 1536w, https:\/\/lydenim.com\/wp-content\/uploads\/2025\/06\/DM_20250628035851_001-2048x2048.jpg 2048w, https:\/\/lydenim.com\/wp-content\/uploads\/2025\/06\/DM_20250628035851_001-12x12.jpg 12w, https:\/\/lydenim.com\/wp-content\/uploads\/2025\/06\/DM_20250628035851_001-600x600.jpg 600w\" sizes=\"auto, (max-width: 600px) 100vw, 600px\" \/><p id=\"caption-attachment-5619\" class=\"wp-caption-text\">Camisa Chambray<\/p><\/div><\/li>\n<li><strong>Denim cru<\/strong>: N\u00e3o lavado, r\u00edgido; valorizado por sua <strong>desbotamento \u00fanico<\/strong> ao longo do tempo.\n<p><div id=\"attachment_6456\" style=\"width: 610px\" class=\"wp-caption aligncenter\"><img loading=\"lazy\" decoding=\"async\" aria-describedby=\"caption-attachment-6456\" class=\"wp-image-6456\" src=\"https:\/\/lydenim.com\/wp-content\/uploads\/2025\/08\/ac5847fe716e71f0df16b2e38405c99a.jpg\" alt=\"\" width=\"600\" height=\"750\" srcset=\"https:\/\/lydenim.com\/wp-content\/uploads\/2025\/08\/ac5847fe716e71f0df16b2e38405c99a.jpg 944w, https:\/\/lydenim.com\/wp-content\/uploads\/2025\/08\/ac5847fe716e71f0df16b2e38405c99a-240x300.jpg 240w, https:\/\/lydenim.com\/wp-content\/uploads\/2025\/08\/ac5847fe716e71f0df16b2e38405c99a-819x1024.jpg 819w, https:\/\/lydenim.com\/wp-content\/uploads\/2025\/08\/ac5847fe716e71f0df16b2e38405c99a-768x960.jpg 768w, https:\/\/lydenim.com\/wp-content\/uploads\/2025\/08\/ac5847fe716e71f0df16b2e38405c99a-10x12.jpg 10w, https:\/\/lydenim.com\/wp-content\/uploads\/2025\/08\/ac5847fe716e71f0df16b2e38405c99a-600x750.jpg 600w, https:\/\/lydenim.com\/wp-content\/uploads\/2025\/08\/ac5847fe716e71f0df16b2e38405c99a-150x188.jpg 150w\" sizes=\"auto, (max-width: 600px) 100vw, 600px\" \/><p id=\"caption-attachment-6456\" class=\"wp-caption-text\">Tipos de jeans<\/p><\/div><\/li>\n<\/ul>\n<h3 dir=\"auto\">5. Vantagens e desvantagens do jeans<\/h3>\n<p dir=\"auto\"><strong>Pr\u00f3s<\/strong>:<\/p>\n<ul dir=\"auto\">\n<li><strong>Durabilidade<\/strong>: A trama sarja garante resist\u00eancia.<\/li>\n<li><strong>Versatilidade<\/strong>: Combina com estilos casuais e formais.<\/li>\n<li><strong>Envelhecimento \u00danico<\/strong>: Os desbotamentos criam padr\u00f5es personalizados.<\/li>\n<\/ul>\n<p dir=\"auto\"><strong>Contras<\/strong>:<\/p>\n<ul dir=\"auto\">\n<li><strong>Retra\u00e7\u00e3o<\/strong>: O jeans de algod\u00e3o pode encolher ap\u00f3s a lavagem.<\/li>\n<li><strong>Desbotamento da cor<\/strong>: A tinta \u00edndigo desbota facilmente.<\/li>\n<li><strong>Peso<\/strong>: Jeans pesados podem ser desconfort\u00e1veis no calor.<\/li>\n<\/ul>\n<p dir=\"auto\">Explore mais em <a href=\"https:\/\/lydenim.com\/pt\/guia-de-pros-e-contras-de-tecidos-comuns\/\" target=\"_blank\" rel=\"noopener noreferrer nofollow\">Guia de pr\u00f3s e contras dos tecidos da LYDenim<\/a>.<\/p>\n<div id=\"attachment_6452\" style=\"width: 610px\" class=\"wp-caption aligncenter\"><img loading=\"lazy\" decoding=\"async\" aria-describedby=\"caption-attachment-6452\" class=\"wp-image-6452\" src=\"https:\/\/lydenim.com\/wp-content\/uploads\/2025\/08\/09e0fc47fa479495e288ce5c281d9db6.jpg\" alt=\"\" width=\"600\" height=\"800\" srcset=\"https:\/\/lydenim.com\/wp-content\/uploads\/2025\/08\/09e0fc47fa479495e288ce5c281d9db6.jpg 1172w, https:\/\/lydenim.com\/wp-content\/uploads\/2025\/08\/09e0fc47fa479495e288ce5c281d9db6-225x300.jpg 225w, https:\/\/lydenim.com\/wp-content\/uploads\/2025\/08\/09e0fc47fa479495e288ce5c281d9db6-768x1024.jpg 768w, https:\/\/lydenim.com\/wp-content\/uploads\/2025\/08\/09e0fc47fa479495e288ce5c281d9db6-1152x1536.jpg 1152w, https:\/\/lydenim.com\/wp-content\/uploads\/2025\/08\/09e0fc47fa479495e288ce5c281d9db6-9x12.jpg 9w, https:\/\/lydenim.com\/wp-content\/uploads\/2025\/08\/09e0fc47fa479495e288ce5c281d9db6-600x800.jpg 600w, https:\/\/lydenim.com\/wp-content\/uploads\/2025\/08\/09e0fc47fa479495e288ce5c281d9db6-150x200.jpg 150w\" sizes=\"auto, (max-width: 600px) 100vw, 600px\" \/><p id=\"caption-attachment-6452\" class=\"wp-caption-text\">Vantagens e desvantagens do jeans<\/p><\/div>\n<h3 dir=\"auto\">6. Cuidados e manuten\u00e7\u00e3o do jeans<\/h3>\n<p dir=\"auto\">O cuidado adequado se estende <strong>jeans<\/strong>tempo de vida do:<\/p>\n<ul dir=\"auto\">\n<li>Lave com modera\u00e7\u00e3o para conservar <strong>cor<\/strong> e estrutura.<\/li>\n<li>Use \u00e1gua fria (30\u00b0C\u201340\u00b0C) para minimizar <strong>encolhimento<\/strong>.<\/li>\n<li>Vez <strong>jeans<\/strong> de dentro para fora para reduzir o desbotamento.<\/li>\n<li>Deixe secar ao ar livre, evitando luz solar direta ou secadoras.\n<p><div id=\"attachment_6459\" style=\"width: 610px\" class=\"wp-caption aligncenter\"><img loading=\"lazy\" decoding=\"async\" aria-describedby=\"caption-attachment-6459\" class=\"wp-image-6459\" src=\"https:\/\/lydenim.com\/wp-content\/uploads\/2025\/08\/\u725b\u4ed4\u517b\u62a4.jpg\" alt=\"\" width=\"600\" height=\"900\" srcset=\"https:\/\/lydenim.com\/wp-content\/uploads\/2025\/08\/\u725b\u4ed4\u517b\u62a4.jpg 683w, https:\/\/lydenim.com\/wp-content\/uploads\/2025\/08\/\u725b\u4ed4\u517b\u62a4-200x300.jpg 200w, https:\/\/lydenim.com\/wp-content\/uploads\/2025\/08\/\u725b\u4ed4\u517b\u62a4-8x12.jpg 8w, https:\/\/lydenim.com\/wp-content\/uploads\/2025\/08\/\u725b\u4ed4\u517b\u62a4-600x900.jpg 600w, https:\/\/lydenim.com\/wp-content\/uploads\/2025\/08\/\u725b\u4ed4\u517b\u62a4-150x225.jpg 150w\" sizes=\"auto, (max-width: 600px) 100vw, 600px\" \/><p id=\"caption-attachment-6459\" class=\"wp-caption-text\">Cuidados e Manuten\u00e7\u00e3o do Denim<\/p><\/div><\/li>\n<\/ul>\n<h3 dir=\"auto\">7. Dicas para evitar o encolhimento do jeans<\/h3>\n<p dir=\"auto\"><strong>Denim cru<\/strong> pode encolher <strong>5%\u201310%<\/strong> ap\u00f3s a lavagem, por <a href=\"https:\/\/lydenim.com\/pt\/encolhimento-do-tecido-como-evita-lo\/\" target=\"_blank\" rel=\"noopener noreferrer nofollow\">Guia de encolhimento da LYDenim<\/a>. Para minimizar isso:<\/p>\n<ul dir=\"auto\">\n<li>Optar por <strong>jeans sanforizado<\/strong> (pr\u00e9-encolhido, sob retra\u00e7\u00e3o 3%).<\/li>\n<li>Lave em \u00e1gua fria, evitando ciclos quentes.<\/li>\n<li>Pendure para secar para manter o ajuste e a estrutura.<img loading=\"lazy\" decoding=\"async\" class=\"aligncenter wp-image-3779\" src=\"https:\/\/lydenim.com\/wp-content\/uploads\/2025\/02\/b5f7329023ab2999562048f6a3dbbb5f-e1741494133971.png\" alt=\"\" width=\"600\" height=\"802\" srcset=\"https:\/\/lydenim.com\/wp-content\/uploads\/2025\/02\/b5f7329023ab2999562048f6a3dbbb5f-e1741494133971.png 598w, https:\/\/lydenim.com\/wp-content\/uploads\/2025\/02\/b5f7329023ab2999562048f6a3dbbb5f-e1741494133971-225x300.png 225w, https:\/\/lydenim.com\/wp-content\/uploads\/2025\/02\/b5f7329023ab2999562048f6a3dbbb5f-e1741494133971-9x12.png 9w, https:\/\/lydenim.com\/wp-content\/uploads\/2025\/02\/b5f7329023ab2999562048f6a3dbbb5f-e1741494133971-150x200.png 150w\" sizes=\"auto, (max-width: 600px) 100vw, 600px\" \/><\/li>\n<\/ul>\n<h3 dir=\"auto\">8. Conclus\u00e3o<\/h3>\n<p dir=\"auto\"><strong>Jeans<\/strong> \u00e9 atemporal <strong>tecido<\/strong>, evoluindo de <strong>roupas de trabalho<\/strong> para um item b\u00e1sico da moda global. Compreendendo sua <strong>tramas<\/strong>, tipos, cuidados e <strong>solu\u00e7\u00f5es de encolhimento<\/strong> possibilita melhores escolhas para consumidores e designers. Mergulhe mais fundo em <strong>jeans<\/strong> no <a href=\"https:\/\/lydenim.com\/pt\/\" target=\"_blank\" rel=\"noopener noreferrer nofollow\">Blog do LYDenim<\/a>.<\/p>","protected":false},"excerpt":{"rendered":"<p>\u00cdndice Introdu\u00e7\u00e3o ao Denim Origens e evolu\u00e7\u00e3o do Denim Materiais e t\u00e9cnicas de tecelagem Principais tipos de Denim Vantagens<\/p>","protected":false},"author":1,"featured_media":6460,"comment_status":"open","ping_status":"open","sticky":false,"template":"","format":"standard","meta":{"two_page_speed":[],"footnotes":""},"categories":[66],"tags":[],"class_list":["post-6224","post","type-post","status-publish","format-standard","has-post-thumbnail","hentry","category-denim-knowledge"],"aioseo_notices":[],"_links":{"self":[{"href":"https:\/\/lydenim.com\/pt\/wp-json\/wp\/v2\/posts\/6224","targetHints":{"allow":["GET"]}}],"collection":[{"href":"https:\/\/lydenim.com\/pt\/wp-json\/wp\/v2\/posts"}],"about":[{"href":"https:\/\/lydenim.com\/pt\/wp-json\/wp\/v2\/types\/post"}],"author":[{"embeddable":true,"href":"https:\/\/lydenim.com\/pt\/wp-json\/wp\/v2\/users\/1"}],"replies":[{"embeddable":true,"href":"https:\/\/lydenim.com\/pt\/wp-json\/wp\/v2\/comments?post=6224"}],"version-history":[{"count":3,"href":"https:\/\/lydenim.com\/pt\/wp-json\/wp\/v2\/posts\/6224\/revisions"}],"predecessor-version":[{"id":6537,"href":"https:\/\/lydenim.com\/pt\/wp-json\/wp\/v2\/posts\/6224\/revisions\/6537"}],"wp:featuredmedia":[{"embeddable":true,"href":"https:\/\/lydenim.com\/pt\/wp-json\/wp\/v2\/media\/6460"}],"wp:attachment":[{"href":"https:\/\/lydenim.com\/pt\/wp-json\/wp\/v2\/media?parent=6224"}],"wp:term":[{"taxonomy":"category","embeddable":true,"href":"https:\/\/lydenim.com\/pt\/wp-json\/wp\/v2\/categories?post=6224"},{"taxonomy":"post_tag","embeddable":true,"href":"https:\/\/lydenim.com\/pt\/wp-json\/wp\/v2\/tags?post=6224"}],"curies":[{"name":"wp","href":"https:\/\/api.w.org\/{rel}","templated":true}]}}