{"id":6407,"date":"2025-09-03T12:16:27","date_gmt":"2025-09-03T04:16:27","guid":{"rendered":"https:\/\/lydenim.com\/?p=6407"},"modified":"2025-09-03T12:16:27","modified_gmt":"2025-09-03T04:16:27","slug":"selvedge-denim-vs-regular-denim","status":"publish","type":"post","link":"https:\/\/lydenim.com\/pt\/jeans-com-orla-vs-jeans-regular\/","title":{"rendered":"Jeans com orla vs. jeans regular"},"content":{"rendered":"<h2>Tempo estimado de leitura: ~6 minutos<\/h2>\n<h2 dir=\"ltr\" data-pm-slice=\"1 1 []\">Introdu\u00e7\u00e3o<\/h2>\n<p dir=\"auto\">O p\u00fablico geralmente confunde <strong>jeans com orla<\/strong> para <strong>jeans regular<\/strong> embora esses dois tecidos possuam caracter\u00edsticas de tecelagem distintas. O guia se aprofunda em <strong>jeans com orla<\/strong> contra <strong>jeans regular<\/strong> por meio de seus processos de tecelagem, acabamentos de bordas, n\u00edveis de durabilidade, fatores de custo e diferen\u00e7as de estilo. Pessoas que compram jeans ou entusiastas de jeans devem ler estas informa\u00e7\u00f5es para selecionar o jeans apropriado com base em suas necessidades.<\/p>\n<div id=\"attachment_6474\" style=\"width: 610px\" class=\"wp-caption aligncenter\"><img loading=\"lazy\" decoding=\"async\" aria-describedby=\"caption-attachment-6474\" class=\"wp-image-6474\" src=\"https:\/\/lydenim.com\/wp-content\/uploads\/2025\/08\/e5424408606906371a860560432e6700.jpg\" alt=\"\" width=\"600\" height=\"750\" srcset=\"https:\/\/lydenim.com\/wp-content\/uploads\/2025\/08\/e5424408606906371a860560432e6700.jpg 1060w, https:\/\/lydenim.com\/wp-content\/uploads\/2025\/08\/e5424408606906371a860560432e6700-240x300.jpg 240w, https:\/\/lydenim.com\/wp-content\/uploads\/2025\/08\/e5424408606906371a860560432e6700-819x1024.jpg 819w, https:\/\/lydenim.com\/wp-content\/uploads\/2025\/08\/e5424408606906371a860560432e6700-768x960.jpg 768w, https:\/\/lydenim.com\/wp-content\/uploads\/2025\/08\/e5424408606906371a860560432e6700-10x12.jpg 10w, https:\/\/lydenim.com\/wp-content\/uploads\/2025\/08\/e5424408606906371a860560432e6700-600x750.jpg 600w, https:\/\/lydenim.com\/wp-content\/uploads\/2025\/08\/e5424408606906371a860560432e6700-150x188.jpg 150w\" sizes=\"auto, (max-width: 600px) 100vw, 600px\" \/><p id=\"caption-attachment-6474\" class=\"wp-caption-text\">jeans com orla<\/p><\/div>\n<h2 dir=\"auto\">O que \u00e9 <strong>Selvedge Denim<\/strong>?<\/h2>\n<p dir=\"auto\"><strong>Jeans com orla<\/strong> recebe o seu nome da<strong> auto-vantagem<\/strong> termo porque emerge do tradicional <strong>teares de transporte<\/strong>O processo de fabrica\u00e7\u00e3o desses teares resulta em tiras finas de tecido (71 a 91 cm de largura) com bordas bem seladas que impedem o desfiamento. Uma linha vermelha aparece na borda dos jeans com bainha feita com denim com orla, enquanto outras cores, como laranja ou azul, s\u00e3o poss\u00edveis. O processo de produ\u00e7\u00e3o gera um tecido mais pesado com elementos de textura org\u00e2nica, chamados <strong>vagabundos<\/strong>.<\/p>\n<div id=\"attachment_4338\" style=\"width: 610px\" class=\"wp-caption aligncenter\"><img loading=\"lazy\" decoding=\"async\" aria-describedby=\"caption-attachment-4338\" class=\"wp-image-4338\" src=\"https:\/\/lydenim.com\/wp-content\/uploads\/2025\/03\/slub.jpg\" alt=\"vagabundo\" width=\"600\" height=\"401\" srcset=\"https:\/\/lydenim.com\/wp-content\/uploads\/2025\/03\/slub.jpg 1045w, https:\/\/lydenim.com\/wp-content\/uploads\/2025\/03\/slub-300x201.jpg 300w, https:\/\/lydenim.com\/wp-content\/uploads\/2025\/03\/slub-1024x685.jpg 1024w, https:\/\/lydenim.com\/wp-content\/uploads\/2025\/03\/slub-768x514.jpg 768w, https:\/\/lydenim.com\/wp-content\/uploads\/2025\/03\/slub-18x12.jpg 18w, https:\/\/lydenim.com\/wp-content\/uploads\/2025\/03\/slub-600x401.jpg 600w, https:\/\/lydenim.com\/wp-content\/uploads\/2025\/03\/slub-150x100.jpg 150w\" sizes=\"auto, (max-width: 600px) 100vw, 600px\" \/><p id=\"caption-attachment-4338\" class=\"wp-caption-text\">vagabundo<\/p><\/div>\n<h2 dir=\"auto\">O que \u00e9 <strong>Denim regular<\/strong>?<\/h2>\n<p dir=\"auto\"><strong>Jeans regular<\/strong> recebe o nome do denim sem orla, j\u00e1 que sua produ\u00e7\u00e3o utiliza materiais modernos <strong>teares sem lan\u00e7adeira<\/strong> Tamb\u00e9m conhecidos como teares de proj\u00e9teis. O processo de fabrica\u00e7\u00e3o produz rolos extensos de tecido (152 a 194 cm) em ritmo acelerado para opera\u00e7\u00f5es econ\u00f4micas. O jeans comum precisa de costura overlock para evitar que suas bordas cruas se desfiem, pois n\u00e3o possui a <strong>borda autoacabada<\/strong> caracter\u00edstico do jeans com orla.<img loading=\"lazy\" decoding=\"async\" class=\"aligncenter wp-image-2843\" src=\"https:\/\/lydenim.com\/wp-content\/uploads\/2025\/01\/DSC07921-scaled.jpg\" alt=\"\" width=\"600\" height=\"600\" srcset=\"https:\/\/lydenim.com\/wp-content\/uploads\/2025\/01\/DSC07921-scaled.jpg 2560w, https:\/\/lydenim.com\/wp-content\/uploads\/2025\/01\/DSC07921-300x300.jpg 300w, https:\/\/lydenim.com\/wp-content\/uploads\/2025\/01\/DSC07921-150x150.jpg 150w, https:\/\/lydenim.com\/wp-content\/uploads\/2025\/01\/DSC07921-scaled-600x600.jpg 600w, https:\/\/lydenim.com\/wp-content\/uploads\/2025\/01\/DSC07921-1024x1024.jpg 1024w, https:\/\/lydenim.com\/wp-content\/uploads\/2025\/01\/DSC07921-768x768.jpg 768w, https:\/\/lydenim.com\/wp-content\/uploads\/2025\/01\/DSC07921-1536x1536.jpg 1536w, https:\/\/lydenim.com\/wp-content\/uploads\/2025\/01\/DSC07921-2048x2048.jpg 2048w, https:\/\/lydenim.com\/wp-content\/uploads\/2025\/01\/DSC07921-12x12.jpg 12w\" sizes=\"auto, (max-width: 600px) 100vw, 600px\" \/><\/p>\n<h2 dir=\"auto\">Principais diferen\u00e7as entre <strong>Selvedge Denim<\/strong> e <strong>Denim regular<\/strong><\/h2>\n<div dir=\"auto\">\n<div>\n<div><\/div>\n<\/div>\n<table dir=\"auto\" style=\"height: 285px;\" width=\"1048\" data-wide=\"false\">\n<thead>\n<tr>\n<th data-col-size=\"sm\">Recurso<\/th>\n<th data-col-size=\"lg\"><strong>Selvedge Denim<\/strong><\/th>\n<th data-col-size=\"lg\"><strong>Denim regular<\/strong><\/th>\n<\/tr>\n<\/thead>\n<tbody>\n<tr>\n<td data-col-size=\"sm\"><strong>M\u00e9todo de Tecelagem<\/strong><\/td>\n<td data-col-size=\"lg\"><strong>Teares de transporte<\/strong>, lento, estreito (28\u201336 pol.)<\/td>\n<td data-col-size=\"lg\"><strong>Teares sem lan\u00e7adeira<\/strong>, r\u00e1pido, amplo (60\u201375 pol.)<\/td>\n<\/tr>\n<tr>\n<td data-col-size=\"sm\"><strong>Acabamento de Borda<\/strong><\/td>\n<td data-col-size=\"lg\"><strong>Auto-acabado<\/strong>, linha colorida<\/td>\n<td data-col-size=\"lg\">Borda bruta, requer <strong>costura overlock<\/strong><\/td>\n<\/tr>\n<tr>\n<td data-col-size=\"sm\"><strong>Largura do tecido<\/strong><\/td>\n<td data-col-size=\"lg\">~28\u201336 polegadas (90 cm)<\/td>\n<td data-col-size=\"lg\">~60\u201375 polegadas (190 cm)<\/td>\n<\/tr>\n<tr>\n<td data-col-size=\"sm\"><strong>Efici\u00eancia<\/strong><\/td>\n<td data-col-size=\"lg\">Baixo, demorado<\/td>\n<td data-col-size=\"lg\">Alto custo-benef\u00edcio<\/td>\n<\/tr>\n<tr>\n<td data-col-size=\"sm\"><strong>Durabilidade<\/strong><\/td>\n<td data-col-size=\"lg\">Trama apertada, geralmente mais dur\u00e1vel<\/td>\n<td data-col-size=\"lg\">Varia de acordo com a qualidade e o peso do fio<\/td>\n<\/tr>\n<tr>\n<td data-col-size=\"sm\"><strong>Apar\u00eancia e estilo<\/strong><\/td>\n<td data-col-size=\"lg\">Vintage <strong>auto-vantagem<\/strong> quando algemado<\/td>\n<td data-col-size=\"lg\">N\u00e3o <strong>auto-vantagem<\/strong>, acabamentos vers\u00e1teis<\/td>\n<\/tr>\n<tr>\n<td data-col-size=\"sm\"><strong>Faixa de pre\u00e7o<\/strong><\/td>\n<td data-col-size=\"lg\">Cal\u00e7as jeans $120\u2013$400+<\/td>\n<td data-col-size=\"lg\">Cal\u00e7a jeans $40\u2013$120<\/td>\n<\/tr>\n<tr>\n<td data-col-size=\"sm\"><strong>P\u00fablico<\/strong><\/td>\n<td data-col-size=\"lg\">Entusiastas e colecionadores de jeans<\/td>\n<td data-col-size=\"lg\">Consumidores comuns<\/td>\n<\/tr>\n<\/tbody>\n<\/table>\n<\/div>\n<h2 dir=\"auto\">Compara\u00e7\u00e3o detalhada de <strong>Selvedge Denim<\/strong> contra <strong>Denim regular<\/strong><\/h2>\n<h3 dir=\"auto\">1. <strong>M\u00e9todo de Tecelagem<\/strong><\/h3>\n<ul dir=\"auto\">\n<li><strong>Selvedge Denim<\/strong>: A Selvedge Denim obt\u00e9m sua natureza distinta por meio de teares de lan\u00e7adeira vintage que utilizam o sistema de lan\u00e7adeira de fios de trama para produzir tecidos estreitos e justos com acabamentos de borda. O processo de fabrica\u00e7\u00e3o, em ritmo mais lento, produz uma textura de tecido distinta, gerando ondula\u00e7\u00f5es naturais.\n<p><div id=\"attachment_6504\" style=\"width: 610px\" class=\"wp-caption aligncenter\"><img loading=\"lazy\" decoding=\"async\" aria-describedby=\"caption-attachment-6504\" class=\"wp-image-6504\" src=\"https:\/\/lydenim.com\/wp-content\/uploads\/2025\/08\/e3a17bbaf7341c9684f68cd87a920176.jpg\" alt=\"\" width=\"600\" height=\"750\" srcset=\"https:\/\/lydenim.com\/wp-content\/uploads\/2025\/08\/e3a17bbaf7341c9684f68cd87a920176.jpg 1094w, https:\/\/lydenim.com\/wp-content\/uploads\/2025\/08\/e3a17bbaf7341c9684f68cd87a920176-240x300.jpg 240w, https:\/\/lydenim.com\/wp-content\/uploads\/2025\/08\/e3a17bbaf7341c9684f68cd87a920176-819x1024.jpg 819w, https:\/\/lydenim.com\/wp-content\/uploads\/2025\/08\/e3a17bbaf7341c9684f68cd87a920176-768x960.jpg 768w, https:\/\/lydenim.com\/wp-content\/uploads\/2025\/08\/e3a17bbaf7341c9684f68cd87a920176-10x12.jpg 10w, https:\/\/lydenim.com\/wp-content\/uploads\/2025\/08\/e3a17bbaf7341c9684f68cd87a920176-600x750.jpg 600w, https:\/\/lydenim.com\/wp-content\/uploads\/2025\/08\/e3a17bbaf7341c9684f68cd87a920176-150x188.jpg 150w\" sizes=\"auto, (max-width: 600px) 100vw, 600px\" \/><p id=\"caption-attachment-6504\" class=\"wp-caption-text\">Tecelagem de orla<\/p><\/div><\/li>\n<li><strong>Denim regular<\/strong>: Produzido em teares modernos sem lan\u00e7adeira, que disparam o fio da trama rapidamente, criando rolos de tecido mais largos. A t\u00e9cnica de fabrica\u00e7\u00e3o proporciona uma produ\u00e7\u00e3o r\u00e1pida, mas cria bordas de tecido n\u00e3o processadas que precisam ser costuradas.<img loading=\"lazy\" decoding=\"async\" class=\"aligncenter wp-image-2495\" src=\"https:\/\/lydenim.com\/wp-content\/uploads\/2024\/12\/\u5e8f\u5217-Sequence-01.00_05_11_14.Still028-scaled.jpg\" alt=\"\" width=\"600\" height=\"338\" srcset=\"https:\/\/lydenim.com\/wp-content\/uploads\/2024\/12\/\u5e8f\u5217-Sequence-01.00_05_11_14.Still028-scaled.jpg 2560w, https:\/\/lydenim.com\/wp-content\/uploads\/2024\/12\/\u5e8f\u5217-Sequence-01.00_05_11_14.Still028-scaled-150x84.jpg 150w, https:\/\/lydenim.com\/wp-content\/uploads\/2024\/12\/\u5e8f\u5217-Sequence-01.00_05_11_14.Still028-scaled-600x338.jpg 600w, https:\/\/lydenim.com\/wp-content\/uploads\/2024\/12\/\u5e8f\u5217-Sequence-01.00_05_11_14.Still028-300x169.jpg 300w, https:\/\/lydenim.com\/wp-content\/uploads\/2024\/12\/\u5e8f\u5217-Sequence-01.00_05_11_14.Still028-1024x576.jpg 1024w, https:\/\/lydenim.com\/wp-content\/uploads\/2024\/12\/\u5e8f\u5217-Sequence-01.00_05_11_14.Still028-768x432.jpg 768w, https:\/\/lydenim.com\/wp-content\/uploads\/2024\/12\/\u5e8f\u5217-Sequence-01.00_05_11_14.Still028-1536x864.jpg 1536w, https:\/\/lydenim.com\/wp-content\/uploads\/2024\/12\/\u5e8f\u5217-Sequence-01.00_05_11_14.Still028-2048x1152.jpg 2048w, https:\/\/lydenim.com\/wp-content\/uploads\/2024\/12\/\u5e8f\u5217-Sequence-01.00_05_11_14.Still028-18x10.jpg 18w\" sizes=\"auto, (max-width: 600px) 100vw, 600px\" \/><\/li>\n<\/ul>\n<h3 dir=\"auto\">2. <strong>Acabamento de Borda<\/strong><\/h3>\n<ul dir=\"auto\">\n<li><strong>Selvedge Denim<\/strong>: Apresenta uma borda autoacabada com faixa vermelha que fica vis\u00edvel quando a cal\u00e7a jeans est\u00e1 dobrada. A borda mant\u00e9m sua integridade sem costuras adicionais, pois possui uma propriedade autoacabada.\n<p><div id=\"attachment_6502\" style=\"width: 610px\" class=\"wp-caption aligncenter\"><img loading=\"lazy\" decoding=\"async\" aria-describedby=\"caption-attachment-6502\" class=\"wp-image-6502\" src=\"https:\/\/lydenim.com\/wp-content\/uploads\/2025\/08\/87404749a563b0c03a3f54394c4a0dd8.jpg\" alt=\"\" width=\"600\" height=\"750\" srcset=\"https:\/\/lydenim.com\/wp-content\/uploads\/2025\/08\/87404749a563b0c03a3f54394c4a0dd8.jpg 1215w, https:\/\/lydenim.com\/wp-content\/uploads\/2025\/08\/87404749a563b0c03a3f54394c4a0dd8-240x300.jpg 240w, https:\/\/lydenim.com\/wp-content\/uploads\/2025\/08\/87404749a563b0c03a3f54394c4a0dd8-819x1024.jpg 819w, https:\/\/lydenim.com\/wp-content\/uploads\/2025\/08\/87404749a563b0c03a3f54394c4a0dd8-768x960.jpg 768w, https:\/\/lydenim.com\/wp-content\/uploads\/2025\/08\/87404749a563b0c03a3f54394c4a0dd8-10x12.jpg 10w, https:\/\/lydenim.com\/wp-content\/uploads\/2025\/08\/87404749a563b0c03a3f54394c4a0dd8-600x750.jpg 600w, https:\/\/lydenim.com\/wp-content\/uploads\/2025\/08\/87404749a563b0c03a3f54394c4a0dd8-150x188.jpg 150w\" sizes=\"auto, (max-width: 600px) 100vw, 600px\" \/><p id=\"caption-attachment-6502\" class=\"wp-caption-text\">Acabamento de borda de orla<\/p><\/div><\/li>\n<li><strong>Denim regular<\/strong>: Requer costura overloque para evitar que suas bordas cortadas se desfiem, al\u00e9m de n\u00e3o ter a atraente qualidade de autoborda.<img loading=\"lazy\" decoding=\"async\" class=\"aligncenter wp-image-2748\" src=\"https:\/\/lydenim.com\/wp-content\/uploads\/2025\/01\/DSC07869-1-scaled.jpg\" alt=\"\" width=\"600\" height=\"600\" srcset=\"https:\/\/lydenim.com\/wp-content\/uploads\/2025\/01\/DSC07869-1-scaled.jpg 2560w, https:\/\/lydenim.com\/wp-content\/uploads\/2025\/01\/DSC07869-1-300x300.jpg 300w, https:\/\/lydenim.com\/wp-content\/uploads\/2025\/01\/DSC07869-1-150x150.jpg 150w, https:\/\/lydenim.com\/wp-content\/uploads\/2025\/01\/DSC07869-1-scaled-600x600.jpg 600w, https:\/\/lydenim.com\/wp-content\/uploads\/2025\/01\/DSC07869-1-1024x1024.jpg 1024w, https:\/\/lydenim.com\/wp-content\/uploads\/2025\/01\/DSC07869-1-768x768.jpg 768w, https:\/\/lydenim.com\/wp-content\/uploads\/2025\/01\/DSC07869-1-1536x1536.jpg 1536w, https:\/\/lydenim.com\/wp-content\/uploads\/2025\/01\/DSC07869-1-2048x2048.jpg 2048w, https:\/\/lydenim.com\/wp-content\/uploads\/2025\/01\/DSC07869-1-12x12.jpg 12w\" sizes=\"auto, (max-width: 600px) 100vw, 600px\" \/><\/li>\n<\/ul>\n<h3 dir=\"auto\">3. <strong>Largura e desperd\u00edcio de tecido<\/strong><\/h3>\n<ul dir=\"auto\">\n<li><strong>Selvedge Denim<\/strong>: os rolos atingem 30 polegadas de largura porque suas bordas autoacabadas se tornam parte do corte do molde na produ\u00e7\u00e3o de jeans\n<p><div id=\"attachment_6497\" style=\"width: 610px\" class=\"wp-caption aligncenter\"><img loading=\"lazy\" decoding=\"async\" aria-describedby=\"caption-attachment-6497\" class=\"wp-image-6497\" src=\"https:\/\/lydenim.com\/wp-content\/uploads\/2025\/08\/25e8f49fe670a1f619fb7f6b55162563.jpg\" alt=\"\" width=\"600\" height=\"750\" srcset=\"https:\/\/lydenim.com\/wp-content\/uploads\/2025\/08\/25e8f49fe670a1f619fb7f6b55162563.jpg 1082w, https:\/\/lydenim.com\/wp-content\/uploads\/2025\/08\/25e8f49fe670a1f619fb7f6b55162563-240x300.jpg 240w, https:\/\/lydenim.com\/wp-content\/uploads\/2025\/08\/25e8f49fe670a1f619fb7f6b55162563-819x1024.jpg 819w, https:\/\/lydenim.com\/wp-content\/uploads\/2025\/08\/25e8f49fe670a1f619fb7f6b55162563-768x960.jpg 768w, https:\/\/lydenim.com\/wp-content\/uploads\/2025\/08\/25e8f49fe670a1f619fb7f6b55162563-10x12.jpg 10w, https:\/\/lydenim.com\/wp-content\/uploads\/2025\/08\/25e8f49fe670a1f619fb7f6b55162563-600x750.jpg 600w, https:\/\/lydenim.com\/wp-content\/uploads\/2025\/08\/25e8f49fe670a1f619fb7f6b55162563-150x188.jpg 150w\" sizes=\"auto, (max-width: 600px) 100vw, 600px\" \/><p id=\"caption-attachment-6497\" class=\"wp-caption-text\">Largura da orla<\/p><\/div><\/li>\n<li><strong>Denim regular<\/strong>: a produ\u00e7\u00e3o se beneficia de rolos largos de 60 a 75 polegadas, mas esses rolos geram res\u00edduos extras quando precisam ser aparados.\n<p><div id=\"attachment_6505\" style=\"width: 610px\" class=\"wp-caption aligncenter\"><img loading=\"lazy\" decoding=\"async\" aria-describedby=\"caption-attachment-6505\" class=\"wp-image-6505\" src=\"https:\/\/lydenim.com\/wp-content\/uploads\/2025\/08\/\u666e\u901a\u7684\u95e8\u5e45.jpeg\" alt=\"\" width=\"600\" height=\"750\" srcset=\"https:\/\/lydenim.com\/wp-content\/uploads\/2025\/08\/\u666e\u901a\u7684\u95e8\u5e45.jpeg 1027w, https:\/\/lydenim.com\/wp-content\/uploads\/2025\/08\/\u666e\u901a\u7684\u95e8\u5e45-240x300.jpeg 240w, https:\/\/lydenim.com\/wp-content\/uploads\/2025\/08\/\u666e\u901a\u7684\u95e8\u5e45-819x1024.jpeg 819w, https:\/\/lydenim.com\/wp-content\/uploads\/2025\/08\/\u666e\u901a\u7684\u95e8\u5e45-768x960.jpeg 768w, https:\/\/lydenim.com\/wp-content\/uploads\/2025\/08\/\u666e\u901a\u7684\u95e8\u5e45-10x12.jpeg 10w, https:\/\/lydenim.com\/wp-content\/uploads\/2025\/08\/\u666e\u901a\u7684\u95e8\u5e45-600x750.jpeg 600w, https:\/\/lydenim.com\/wp-content\/uploads\/2025\/08\/\u666e\u901a\u7684\u95e8\u5e45-150x188.jpeg 150w\" sizes=\"auto, (max-width: 600px) 100vw, 600px\" \/><p id=\"caption-attachment-6505\" class=\"wp-caption-text\">Largura regular do jeans<\/p><\/div><\/li>\n<\/ul>\n<h3 dir=\"auto\">4. <strong>Qualidade e Durabilidade<\/strong><\/h3>\n<ul dir=\"auto\">\n<li><strong>Selvedge Denim<\/strong>: Frequentemente usa alta qualidade <strong>algod\u00e3o fiado em anel<\/strong> e tingimento especializado, contribuindo para sua reputa\u00e7\u00e3o de durabilidade. Pesado <strong>jeans com orla<\/strong> (12\u201321 oz) pode durar de 5 a 10 anos com os devidos cuidados, desenvolvendo padr\u00f5es de desbotamento exclusivos<\/li>\n<li><strong>Denim regular<\/strong>: A durabilidade depende da qualidade e do peso do fio, n\u00e3o do m\u00e9todo de tecelagem. Alta qualidade <strong>jeans regular<\/strong> pode combinar <strong>jeans com orla<\/strong> em resist\u00eancia, mas tecidos mais leves podem se desgastar mais r\u00e1pido\n<p><div id=\"attachment_6499\" style=\"width: 610px\" class=\"wp-caption aligncenter\"><img loading=\"lazy\" decoding=\"async\" aria-describedby=\"caption-attachment-6499\" class=\"wp-image-6499\" src=\"https:\/\/lydenim.com\/wp-content\/uploads\/2025\/08\/59d4084004479534273d33e5d5dd07ca.jpg\" alt=\"\" width=\"600\" height=\"375\" srcset=\"https:\/\/lydenim.com\/wp-content\/uploads\/2025\/08\/59d4084004479534273d33e5d5dd07ca.jpg 1726w, https:\/\/lydenim.com\/wp-content\/uploads\/2025\/08\/59d4084004479534273d33e5d5dd07ca-300x188.jpg 300w, https:\/\/lydenim.com\/wp-content\/uploads\/2025\/08\/59d4084004479534273d33e5d5dd07ca-1024x641.jpg 1024w, https:\/\/lydenim.com\/wp-content\/uploads\/2025\/08\/59d4084004479534273d33e5d5dd07ca-768x481.jpg 768w, https:\/\/lydenim.com\/wp-content\/uploads\/2025\/08\/59d4084004479534273d33e5d5dd07ca-1536x961.jpg 1536w, https:\/\/lydenim.com\/wp-content\/uploads\/2025\/08\/59d4084004479534273d33e5d5dd07ca-18x12.jpg 18w, https:\/\/lydenim.com\/wp-content\/uploads\/2025\/08\/59d4084004479534273d33e5d5dd07ca-600x375.jpg 600w, https:\/\/lydenim.com\/wp-content\/uploads\/2025\/08\/59d4084004479534273d33e5d5dd07ca-150x94.jpg 150w\" sizes=\"auto, (max-width: 600px) 100vw, 600px\" \/><p id=\"caption-attachment-6499\" class=\"wp-caption-text\">Compara\u00e7\u00e3o de qualidade<\/p><\/div><\/li>\n<\/ul>\n<h3 dir=\"auto\">5. <strong>Custo<\/strong><\/h3>\n<ul dir=\"auto\">\n<li><strong>Selvedge Denim<\/strong>: Mais caro devido \u00e0 m\u00e3o de obra intensiva <strong>tear de lan\u00e7adeira<\/strong> processo e s\u00e9ries de produ\u00e7\u00e3o menores. Os pre\u00e7os normalmente variam de $120 a $400+ (por exemplo, <strong>Cora\u00e7\u00e3o de Ferro<\/strong>: $300\u2013$450, <strong>Levi&#039;s Vintage Selvedge<\/strong>: $180\u2013$250).<\/li>\n<li><strong>Denim regular<\/strong>: Produzido em massa e com boa rela\u00e7\u00e3o custo-benef\u00edcio, com pre\u00e7os que variam de $40 a $120 (por exemplo, <strong>Levi&#039;s 501 Regular<\/strong>: $50\u2013$100).\n<p><div id=\"attachment_6503\" style=\"width: 610px\" class=\"wp-caption aligncenter\"><img loading=\"lazy\" decoding=\"async\" aria-describedby=\"caption-attachment-6503\" class=\"wp-image-6503\" src=\"https:\/\/lydenim.com\/wp-content\/uploads\/2025\/08\/b4fe328a06112441e4f0eb21c103f6ce.jpg\" alt=\"\" width=\"600\" height=\"480\" srcset=\"https:\/\/lydenim.com\/wp-content\/uploads\/2025\/08\/b4fe328a06112441e4f0eb21c103f6ce.jpg 1996w, https:\/\/lydenim.com\/wp-content\/uploads\/2025\/08\/b4fe328a06112441e4f0eb21c103f6ce-300x240.jpg 300w, https:\/\/lydenim.com\/wp-content\/uploads\/2025\/08\/b4fe328a06112441e4f0eb21c103f6ce-1024x819.jpg 1024w, https:\/\/lydenim.com\/wp-content\/uploads\/2025\/08\/b4fe328a06112441e4f0eb21c103f6ce-768x614.jpg 768w, https:\/\/lydenim.com\/wp-content\/uploads\/2025\/08\/b4fe328a06112441e4f0eb21c103f6ce-1536x1229.jpg 1536w, https:\/\/lydenim.com\/wp-content\/uploads\/2025\/08\/b4fe328a06112441e4f0eb21c103f6ce-15x12.jpg 15w, https:\/\/lydenim.com\/wp-content\/uploads\/2025\/08\/b4fe328a06112441e4f0eb21c103f6ce-600x480.jpg 600w, https:\/\/lydenim.com\/wp-content\/uploads\/2025\/08\/b4fe328a06112441e4f0eb21c103f6ce-150x120.jpg 150w\" sizes=\"auto, (max-width: 600px) 100vw, 600px\" \/><p id=\"caption-attachment-6503\" class=\"wp-caption-text\">Custo da Qualidade<\/p><\/div><\/li>\n<\/ul>\n<h3 dir=\"auto\">6. <strong>Estilo e Est\u00e9tica<\/strong><\/h3>\n<ul dir=\"auto\">\n<li><strong>Selvedge Denim<\/strong>:Valorizado pelo seu apelo patrimonial e <strong>borda autoacabada<\/strong>, que adiciona um toque \u00fanico quando dobrado. A trama irregular cria um visual personalizado <strong>padr\u00f5es de desbotamento<\/strong> ao longo do tempo, especialmente em <strong>denim com orla crua<\/strong>.\n<p><div id=\"attachment_6496\" style=\"width: 610px\" class=\"wp-caption aligncenter\"><img loading=\"lazy\" decoding=\"async\" aria-describedby=\"caption-attachment-6496\" class=\"wp-image-6496\" src=\"https:\/\/lydenim.com\/wp-content\/uploads\/2025\/08\/23dbdb4caaeb937af46c7fa1f6196a12.jpg\" alt=\"\" width=\"600\" height=\"750\" srcset=\"https:\/\/lydenim.com\/wp-content\/uploads\/2025\/08\/23dbdb4caaeb937af46c7fa1f6196a12.jpg 1229w, https:\/\/lydenim.com\/wp-content\/uploads\/2025\/08\/23dbdb4caaeb937af46c7fa1f6196a12-240x300.jpg 240w, https:\/\/lydenim.com\/wp-content\/uploads\/2025\/08\/23dbdb4caaeb937af46c7fa1f6196a12-819x1024.jpg 819w, https:\/\/lydenim.com\/wp-content\/uploads\/2025\/08\/23dbdb4caaeb937af46c7fa1f6196a12-768x960.jpg 768w, https:\/\/lydenim.com\/wp-content\/uploads\/2025\/08\/23dbdb4caaeb937af46c7fa1f6196a12-10x12.jpg 10w, https:\/\/lydenim.com\/wp-content\/uploads\/2025\/08\/23dbdb4caaeb937af46c7fa1f6196a12-600x750.jpg 600w, https:\/\/lydenim.com\/wp-content\/uploads\/2025\/08\/23dbdb4caaeb937af46c7fa1f6196a12-150x187.jpg 150w\" sizes=\"auto, (max-width: 600px) 100vw, 600px\" \/><p id=\"caption-attachment-6496\" class=\"wp-caption-text\">Estilo de orla<\/p><\/div><\/li>\n<li><strong>Denim regular<\/strong>: Oferece uma ampla variedade de ajustes, lavagens e acabamentos (por exemplo, skinny, relaxado, desgastado, el\u00e1stico). Falta o <strong>auto-vantagem<\/strong> mas \u00e9 mais vers\u00e1til para estilos tradicionais.\n<p><div id=\"attachment_5971\" style=\"width: 610px\" class=\"wp-caption aligncenter\"><img loading=\"lazy\" decoding=\"async\" aria-describedby=\"caption-attachment-5971\" class=\"wp-image-5971\" src=\"https:\/\/lydenim.com\/wp-content\/uploads\/2025\/08\/7703-4\u7247-scaled.jpeg\" alt=\"\" width=\"600\" height=\"800\" srcset=\"https:\/\/lydenim.com\/wp-content\/uploads\/2025\/08\/7703-4\u7247-scaled.jpeg 1920w, https:\/\/lydenim.com\/wp-content\/uploads\/2025\/08\/7703-4\u7247-225x300.jpeg 225w, https:\/\/lydenim.com\/wp-content\/uploads\/2025\/08\/7703-4\u7247-768x1024.jpeg 768w, https:\/\/lydenim.com\/wp-content\/uploads\/2025\/08\/7703-4\u7247-1152x1536.jpeg 1152w, https:\/\/lydenim.com\/wp-content\/uploads\/2025\/08\/7703-4\u7247-1536x2048.jpeg 1536w, https:\/\/lydenim.com\/wp-content\/uploads\/2025\/08\/7703-4\u7247-9x12.jpeg 9w, https:\/\/lydenim.com\/wp-content\/uploads\/2025\/08\/7703-4\u7247-600x800.jpeg 600w, https:\/\/lydenim.com\/wp-content\/uploads\/2025\/08\/7703-4\u7247-150x200.jpeg 150w\" sizes=\"auto, (max-width: 600px) 100vw, 600px\" \/><p id=\"caption-attachment-5971\" class=\"wp-caption-text\">4-Arn\u00eas<\/p><\/div><\/li>\n<\/ul>\n<h3 dir=\"auto\">7. <strong>Raw Denim vs Selvedge Denim: Esclarecendo o Equ\u00edvoco<\/strong><\/h3>\n<ul dir=\"auto\">\n<li><strong>Denim cru<\/strong> refere-se ao jeans n\u00e3o lavado, independentemente de ser <strong>ourela<\/strong> ou <strong>sem orla<\/strong>. <strong>Jeans com orla<\/strong> descreve o m\u00e9todo de tecelagem e o acabamento das bordas. Voc\u00ea pode ter <strong>denim com orla crua<\/strong>, <strong>jeans com orla lavada<\/strong>, <strong>jeans cru regular<\/strong>, ou <strong>jeans lavado regular<\/strong><\/li>\n<\/ul>\n<h2 dir=\"auto\">Pr\u00f3s e contras de <strong>Selvedge Denim<\/strong> e <strong>Denim regular<\/strong><\/h2>\n<h3 dir=\"auto\"><strong>Selvedge Denim<\/strong> Pr\u00f3s<\/h3>\n<ul dir=\"auto\">\n<li><strong>Apelo de Patrim\u00f4nio<\/strong>: O <strong>borda autoacabada<\/strong> com uma linha colorida \u00e9 uma marca de artesanato.<\/li>\n<li><strong>Trama mais apertada<\/strong>: Produz tecido mais denso e dur\u00e1vel com caracter\u00edsticas \u00fanicas <strong>padr\u00f5es de desbotamento<\/strong>.<\/li>\n<li><strong>Valor de colecionador<\/strong>: Tiragens limitadas de f\u00e1bricas como <strong>Kurabo<\/strong> ou <strong>Kuroki<\/strong> (Jap\u00e3o) s\u00e3o muito procurados.<\/li>\n<li><strong>Longa vida \u00fatil<\/strong>: Pesado <strong>jeans com orla<\/strong> (14\u201321 oz) pode durar de 5 a 10 anos com lindo desbotamento.<\/li>\n<\/ul>\n<h3 dir=\"auto\"><strong>Selvedge Denim<\/strong> Contras<\/h3>\n<ul dir=\"auto\">\n<li><strong>Caro<\/strong>:Frequentemente 2\u20134\u00d7 o custo de <strong>jeans regular<\/strong>.<\/li>\n<li><strong>R\u00edgido inicialmente<\/strong>: Requer um per\u00edodo de adapta\u00e7\u00e3o para maior conforto.<\/li>\n<li><strong>Estilos Limitados<\/strong>: A largura estreita do tecido restringe os designs a cortes cl\u00e1ssicos ou retos.\n<p><div id=\"attachment_6465\" style=\"width: 610px\" class=\"wp-caption aligncenter\"><img loading=\"lazy\" decoding=\"async\" aria-describedby=\"caption-attachment-6465\" class=\"wp-image-6465\" src=\"https:\/\/lydenim.com\/wp-content\/uploads\/2025\/08\/9cb7da4da0a8234f10a97c55471aa21e.jpg\" alt=\"\" width=\"600\" height=\"414\" srcset=\"https:\/\/lydenim.com\/wp-content\/uploads\/2025\/08\/9cb7da4da0a8234f10a97c55471aa21e.jpg 1567w, https:\/\/lydenim.com\/wp-content\/uploads\/2025\/08\/9cb7da4da0a8234f10a97c55471aa21e-300x207.jpg 300w, https:\/\/lydenim.com\/wp-content\/uploads\/2025\/08\/9cb7da4da0a8234f10a97c55471aa21e-1024x706.jpg 1024w, https:\/\/lydenim.com\/wp-content\/uploads\/2025\/08\/9cb7da4da0a8234f10a97c55471aa21e-768x529.jpg 768w, https:\/\/lydenim.com\/wp-content\/uploads\/2025\/08\/9cb7da4da0a8234f10a97c55471aa21e-1536x1059.jpg 1536w, https:\/\/lydenim.com\/wp-content\/uploads\/2025\/08\/9cb7da4da0a8234f10a97c55471aa21e-18x12.jpg 18w, https:\/\/lydenim.com\/wp-content\/uploads\/2025\/08\/9cb7da4da0a8234f10a97c55471aa21e-600x414.jpg 600w, https:\/\/lydenim.com\/wp-content\/uploads\/2025\/08\/9cb7da4da0a8234f10a97c55471aa21e-150x103.jpg 150w\" sizes=\"auto, (max-width: 600px) 100vw, 600px\" \/><p id=\"caption-attachment-6465\" class=\"wp-caption-text\">Jeans Selvedge<\/p><\/div><\/li>\n<\/ul>\n<h3 dir=\"auto\"><strong>Denim regular<\/strong> Pr\u00f3s<\/h3>\n<ul dir=\"auto\">\n<li><strong>Acess\u00edvel<\/strong>: Amplamente dispon\u00edvel em $40\u2013$100.<\/li>\n<li><strong>Vers\u00e1til<\/strong>: Oferece v\u00e1rios ajustes, lavagens e op\u00e7\u00f5es de elasticidade para maior conforto.<\/li>\n<li><strong>Op\u00e7\u00f5es ecol\u00f3gicas<\/strong>:Muitas f\u00e1bricas usam lavagem sustent\u00e1vel e acabamento a laser.<\/li>\n<li><strong>Confort\u00e1vel<\/strong>: O jeans stretch com elastano \u00e9 comum em <strong>jeans regular<\/strong>.<\/li>\n<\/ul>\n<h3 dir=\"auto\"><strong>Denim regular<\/strong> Contras<\/h3>\n<ul dir=\"auto\">\n<li><strong>Falta de singularidade<\/strong>: N\u00e3o <strong>borda autoacabada<\/strong> ou apelo patrimonial.<\/li>\n<li><strong>Menos personagem desbotado<\/strong>: Os acabamentos pr\u00e9-lavados n\u00e3o apresentam os desbotamentos personalizados de <strong>jeans cru<\/strong>.<\/li>\n<li><strong>Durabilidade Vari\u00e1vel<\/strong>: Tecidos mais leves podem se desgastar mais r\u00e1pido.\n<p><div id=\"attachment_5804\" style=\"width: 610px\" class=\"wp-caption aligncenter\"><img loading=\"lazy\" decoding=\"async\" aria-describedby=\"caption-attachment-5804\" class=\"wp-image-5804\" src=\"https:\/\/lydenim.com\/wp-content\/uploads\/2025\/07\/f01864cc5302883c5a45a74acd0ca308.jpg\" alt=\"\" width=\"600\" height=\"355\" srcset=\"https:\/\/lydenim.com\/wp-content\/uploads\/2025\/07\/f01864cc5302883c5a45a74acd0ca308.jpg 1823w, https:\/\/lydenim.com\/wp-content\/uploads\/2025\/07\/f01864cc5302883c5a45a74acd0ca308-300x178.jpg 300w, https:\/\/lydenim.com\/wp-content\/uploads\/2025\/07\/f01864cc5302883c5a45a74acd0ca308-1024x607.jpg 1024w, https:\/\/lydenim.com\/wp-content\/uploads\/2025\/07\/f01864cc5302883c5a45a74acd0ca308-768x455.jpg 768w, https:\/\/lydenim.com\/wp-content\/uploads\/2025\/07\/f01864cc5302883c5a45a74acd0ca308-1536x910.jpg 1536w, https:\/\/lydenim.com\/wp-content\/uploads\/2025\/07\/f01864cc5302883c5a45a74acd0ca308-18x12.jpg 18w, https:\/\/lydenim.com\/wp-content\/uploads\/2025\/07\/f01864cc5302883c5a45a74acd0ca308-600x355.jpg 600w, https:\/\/lydenim.com\/wp-content\/uploads\/2025\/07\/f01864cc5302883c5a45a74acd0ca308-150x89.jpg 150w\" sizes=\"auto, (max-width: 600px) 100vw, 600px\" \/><p id=\"caption-attachment-5804\" class=\"wp-caption-text\">Cal\u00e7a Jeans de Perna Reta<\/p><\/div><\/li>\n<\/ul>\n<h2 dir=\"auto\">Quem deve escolher <strong>Selvedge Denim<\/strong> contra <strong>Denim regular<\/strong>?<\/h2>\n<ul dir=\"auto\">\n<li><strong>Escolha Selvedge Denim<\/strong> se voc\u00ea:\n<ul dir=\"auto\">\n<li>Valorize o artesanato e a heran\u00e7a.<\/li>\n<li>Quer jeans dur\u00e1veis e exclusivos <strong>padr\u00f5es de desbotamento<\/strong>.<\/li>\n<li>Est\u00e3o dispostos a investir em jeans premium ($120\u2013$400+).<\/li>\n<li>Aproveite estilos cl\u00e1ssicos ou de corte reto.<\/li>\n<\/ul>\n<\/li>\n<li><strong>Escolha jeans regular<\/strong> se voc\u00ea:\n<ul dir=\"auto\">\n<li>Priorize a acessibilidade ($40\u2013$120).<\/li>\n<li>Prefira uma variedade de op\u00e7\u00f5es de ajuste, lavagem e elasticidade.<\/li>\n<li>Quer jeans confort\u00e1veis sem per\u00edodo de adapta\u00e7\u00e3o.<\/li>\n<li>Precisa de estilos vers\u00e1teis para uso di\u00e1rio.<\/li>\n<\/ul>\n<\/li>\n<\/ul>\n<h2 dir=\"auto\">Insights sobre pre\u00e7os e consumidores<\/h2>\n<ul dir=\"auto\">\n<li><strong>Selvedge Denim<\/strong>: Produzido em f\u00e1bricas menores (por exemplo, Jap\u00e3o, It\u00e1lia, EUA), visando entusiastas e colecionadores de jeans. Os pre\u00e7os variam de $120 a $400+ (por exemplo, <strong>Cora\u00e7\u00e3o de Ferro<\/strong>: $300\u2013$450, <strong>Levi&#039;s Vintage Selvedge<\/strong>: $180\u2013$250).<\/li>\n<li><strong>Denim regular<\/strong>: Produzido em massa globalmente para consumidores comuns. Os pre\u00e7os variam de $40 a $120 (por exemplo, <strong>Levi&#039;s 501 Regular<\/strong>: $50\u2013$100).<\/li>\n<\/ul>\n<h2 dir=\"auto\">Leitura Adicional<\/h2>\n<p dir=\"auto\">Para mais informa\u00e7\u00f5es, explore estes recursos:<\/p>\n<ul dir=\"auto\">\n<li><a href=\"https:\/\/lydenim.com\/pt\/\" target=\"_blank\" rel=\"noopener noreferrer nofollow\">Guia da LY Denim para jeans cru e com orla<\/a><\/li>\n<li><a href=\"https:\/\/lydenim.com\/pt\/compreendendo-as-texturas-da-superficie-do-tecido-jeans-e-as-estruturas-de-trama-decodificadas\/\" target=\"_blank\" rel=\"noopener noreferrer nofollow\">Estilos e texturas de jeans da LY Denim<\/a><\/li>\n<li><a href=\"https:\/\/www.levi.com\" target=\"_blank\" rel=\"noopener noreferrer nofollow\">Guia Levi&#039;s para Jeans Selvedge<\/a><\/li>\n<li><a href=\"https:\/\/www.denimhunters.com\" target=\"_blank\" rel=\"noopener noreferrer nofollow\">Vis\u00e3o geral do Denimhunters Selvedge Denim<\/a><\/li>\n<\/ul>\n<h2 dir=\"auto\">Conclus\u00e3o<\/h2>\n<p dir=\"auto\">O <strong>jeans com orla<\/strong> contra <strong>jeans regular<\/strong> o debate depende de suas prioridades. <strong>Jeans com orla<\/strong> oferece um <strong>borda autoacabada<\/strong>, artesanato premium e desbotamento exclusivo, ideal para entusiastas dispostos a pagar mais. <strong>Jeans regular<\/strong> \u00e9 acess\u00edvel, vers\u00e1til e confort\u00e1vel, perfeito para o uso di\u00e1rio. Nenhum dos dois \u00e9 inerentemente &quot;melhor&quot;, mas cada um atende a necessidades diferentes. Escolha <strong>jeans com orla<\/strong> para heran\u00e7a e durabilidade, ou <strong>jeans regular<\/strong> para praticidade e variedade.<\/p>\n<h2 dir=\"ltr\" data-pm-slice=\"1 1 []\">Servi\u00e7os de personaliza\u00e7\u00e3o da LYDENIM<\/h2>\n<p dir=\"ltr\">Sonha com jeans premium com orla e um acabamento diferenciado em vermelho? A LYDENIM \u00e9 especializada na cria\u00e7\u00e3o de tecidos e pe\u00e7as jeans sob medida, dando vida \u00e0 sua vis\u00e3o \u00fanica com qualidade e conforto incompar\u00e1veis.<\/p>\n<p dir=\"ltr\">\ud83c\udfa8 <strong>Tecidos de orla personalizados<\/strong><br \/>\nCrie seu pr\u00f3prio jeans com orla com nossa cole\u00e7\u00e3o premium. Escolha entre uma variedade de cores vibrantes, padr\u00f5es complexos e texturas luxuosas, sob medida para o seu estilo. Explore nossas ofertas em <a href=\"https:\/\/lydenim.com\/pt\/?s=Selvedge&amp;post_type=product\">lydenim.com<\/a><\/p>\n<p dir=\"ltr\">\ud83d\udecd\ufe0f <strong>Vestu\u00e1rio jeans sob medida<\/strong><br \/>\nCrie pe\u00e7as de destaque com nosso jeans exclusivo com orla, conhecido por seu conforto e durabilidade excepcionais. De jeans sob medida a jaquetas elegantes, personalize seu caimento, cor e estilo em <a href=\"https:\/\/liangyuantextile.m.en.alibaba.com\/search\/product?SearchText=selvedge\">Myalibaba<\/a>.<\/p>\n<p dir=\"ltr\">\ud83d\udce9 <strong>Entre em contato<\/strong><br \/>\nTem uma ideia para o seu jeans com orla perfeito? Entre em contato com nossa equipe em <a href=\"mailto:malone@lydenim.com\">malone@lydenim.com<\/a> para discutir padr\u00f5es de tramas personalizados, misturas ecol\u00f3gicas ou quaisquer outras ideias.<\/p>\n<p dir=\"ltr\">Transforme suas ideias em realidade com a LYDENIM, sua parceira de confian\u00e7a para solu\u00e7\u00f5es em jeans com bordas vermelhas inovadoras, confort\u00e1veis e personalizadas.<\/p>","protected":false},"excerpt":{"rendered":"<p>Tempo estimado de leitura: ~6 minutos Introdu\u00e7\u00e3o O p\u00fablico geralmente confunde o jeans com orla com o jeans normal, embora esses dois tecidos possuam<\/p>","protected":false},"author":1,"featured_media":6507,"comment_status":"open","ping_status":"open","sticky":false,"template":"","format":"standard","meta":{"two_page_speed":[],"footnotes":""},"categories":[76],"tags":[],"class_list":["post-6407","post","type-post","status-publish","format-standard","has-post-thumbnail","hentry","category-garment"],"aioseo_notices":[],"_links":{"self":[{"href":"https:\/\/lydenim.com\/pt\/wp-json\/wp\/v2\/posts\/6407","targetHints":{"allow":["GET"]}}],"collection":[{"href":"https:\/\/lydenim.com\/pt\/wp-json\/wp\/v2\/posts"}],"about":[{"href":"https:\/\/lydenim.com\/pt\/wp-json\/wp\/v2\/types\/post"}],"author":[{"embeddable":true,"href":"https:\/\/lydenim.com\/pt\/wp-json\/wp\/v2\/users\/1"}],"replies":[{"embeddable":true,"href":"https:\/\/lydenim.com\/pt\/wp-json\/wp\/v2\/comments?post=6407"}],"version-history":[{"count":4,"href":"https:\/\/lydenim.com\/pt\/wp-json\/wp\/v2\/posts\/6407\/revisions"}],"predecessor-version":[{"id":6506,"href":"https:\/\/lydenim.com\/pt\/wp-json\/wp\/v2\/posts\/6407\/revisions\/6506"}],"wp:featuredmedia":[{"embeddable":true,"href":"https:\/\/lydenim.com\/pt\/wp-json\/wp\/v2\/media\/6507"}],"wp:attachment":[{"href":"https:\/\/lydenim.com\/pt\/wp-json\/wp\/v2\/media?parent=6407"}],"wp:term":[{"taxonomy":"category","embeddable":true,"href":"https:\/\/lydenim.com\/pt\/wp-json\/wp\/v2\/categories?post=6407"},{"taxonomy":"post_tag","embeddable":true,"href":"https:\/\/lydenim.com\/pt\/wp-json\/wp\/v2\/tags?post=6407"}],"curies":[{"name":"wp","href":"https:\/\/api.w.org\/{rel}","templated":true}]}}