{"id":6415,"date":"2025-09-01T00:11:05","date_gmt":"2025-08-31T16:11:05","guid":{"rendered":"https:\/\/lydenim.com\/?p=6415"},"modified":"2025-09-01T00:11:05","modified_gmt":"2025-08-31T16:11:05","slug":"pantalones-de-mezclilla-10-estilos-top-para-2025","status":"publish","type":"post","link":"https:\/\/lydenim.com\/pt\/pantalones-de-mezclilla-10-estilos-top-para-2025\/","title":{"rendered":"Pantalones de Mezclilla: 10 Estilos Top para 2025"},"content":{"rendered":"<h2>Introdu\u00e7\u00e3o<\/h2>\n<p dir=\"auto\">As cal\u00e7as de mezclilla s\u00e3o algo que nunca passa de moda. Isso deve ser combinado muito bem com estilo e praticidade, o que os converte em uma compra muito popular no M\u00e9xico. Neste pa\u00eds, o mercado de cal\u00e7as de mezclilla gera um montante significativo de dinheiro, com um total de US$ 3.858,6 milh\u00f5es em 2025. Espera-se que esta cifra aumente para US$ 5.666,6 milh\u00f5es para 2030, segundo um relat\u00f3rio de <a href=\"https:\/\/www.grandviewresearch.com\/horizon\/outlook\/denim-jeans-market\/mexico\">Pesquisa Grand View<\/a>. O que chama a aten\u00e7\u00e3o \u00e9 que o M\u00e9xico \u00e9 o pa\u00eds onde mais se consome jeans, com quase o 79% da popula\u00e7\u00e3o usando este tipo de cal\u00e7as de forma regular, o que supera at\u00e9 o consumo na Europa, onde a porcentagem \u00e9 do 75%. entre eles, os Estados Unidos, China - onde mais do 70% da popula\u00e7\u00e3o de uso, segundo um estudo relatado em <a href=\"https:\/\/mexicobusiness.news\/ecommerce\/news\/mexico-leads-global-denim-consumption-surpassing-europe-china\">Not\u00edcias de neg\u00f3cios do M\u00e9xico<\/a>\u2013 e outros. Este artigo se concentra nas diversas op\u00e7\u00f5es e tend\u00eancias para encontrar o par perfeito. Desde estilos \u00fanicos at\u00e9 marcas reconhecidas, exploraremos os diferentes trajes e op\u00e7\u00f5es dispon\u00edveis para que cada pessoa encontre suas cal\u00e7as de mezclilla favoritas.<\/p>\n<div id=\"attachment_6485\" style=\"width: 610px\" class=\"wp-caption aligncenter\"><img loading=\"lazy\" decoding=\"async\" aria-describedby=\"caption-attachment-6485\" class=\"wp-image-6485\" src=\"https:\/\/lydenim.com\/wp-content\/uploads\/2025\/08\/28ecbbab033a416d4ab725d9c201a94a.jpg\" alt=\"\" width=\"600\" height=\"800\" srcset=\"https:\/\/lydenim.com\/wp-content\/uploads\/2025\/08\/28ecbbab033a416d4ab725d9c201a94a.jpg 1196w, https:\/\/lydenim.com\/wp-content\/uploads\/2025\/08\/28ecbbab033a416d4ab725d9c201a94a-225x300.jpg 225w, https:\/\/lydenim.com\/wp-content\/uploads\/2025\/08\/28ecbbab033a416d4ab725d9c201a94a-768x1024.jpg 768w, https:\/\/lydenim.com\/wp-content\/uploads\/2025\/08\/28ecbbab033a416d4ab725d9c201a94a-1152x1536.jpg 1152w, https:\/\/lydenim.com\/wp-content\/uploads\/2025\/08\/28ecbbab033a416d4ab725d9c201a94a-9x12.jpg 9w, https:\/\/lydenim.com\/wp-content\/uploads\/2025\/08\/28ecbbab033a416d4ab725d9c201a94a-600x800.jpg 600w, https:\/\/lydenim.com\/wp-content\/uploads\/2025\/08\/28ecbbab033a416d4ab725d9c201a94a-150x200.jpg 150w\" sizes=\"auto, (max-width: 600px) 100vw, 600px\" \/><p id=\"caption-attachment-6485\" class=\"wp-caption-text\">Mezclilla<\/p><\/div>\n<h2 dir=\"auto\">Tipos de Pantalones de Mezclilla en Tendencia<\/h2>\n<p dir=\"auto\">As tend\u00eancias de 2025 em cal\u00e7as de mezclilla destacam-se pela sua versatilidade e aud\u00e1cia. Segundo a Vogue, os jeans acampados est\u00e3o de volta, oferecendo um ar retr\u00f4 e sofisticado. Outros estilos populares incluem:<\/p>\n<ul dir=\"auto\">\n<li><strong>Cal\u00e7a jeans larga<\/strong>: Holgados, perfeitos para um look urbano e descontra\u00eddo, ideais para cal\u00e7as de homem misto.\n<p><div id=\"attachment_6484\" style=\"width: 610px\" class=\"wp-caption aligncenter\"><img loading=\"lazy\" decoding=\"async\" aria-describedby=\"caption-attachment-6484\" class=\"wp-image-6484\" src=\"https:\/\/lydenim.com\/wp-content\/uploads\/2025\/08\/8f5d088ef0e34ef7fe4121056e569164.jpg\" alt=\"\" width=\"600\" height=\"414\" srcset=\"https:\/\/lydenim.com\/wp-content\/uploads\/2025\/08\/8f5d088ef0e34ef7fe4121056e569164.jpg 1567w, https:\/\/lydenim.com\/wp-content\/uploads\/2025\/08\/8f5d088ef0e34ef7fe4121056e569164-300x207.jpg 300w, https:\/\/lydenim.com\/wp-content\/uploads\/2025\/08\/8f5d088ef0e34ef7fe4121056e569164-1024x706.jpg 1024w, https:\/\/lydenim.com\/wp-content\/uploads\/2025\/08\/8f5d088ef0e34ef7fe4121056e569164-768x529.jpg 768w, https:\/\/lydenim.com\/wp-content\/uploads\/2025\/08\/8f5d088ef0e34ef7fe4121056e569164-1536x1059.jpg 1536w, https:\/\/lydenim.com\/wp-content\/uploads\/2025\/08\/8f5d088ef0e34ef7fe4121056e569164-18x12.jpg 18w, https:\/\/lydenim.com\/wp-content\/uploads\/2025\/08\/8f5d088ef0e34ef7fe4121056e569164-600x414.jpg 600w, https:\/\/lydenim.com\/wp-content\/uploads\/2025\/08\/8f5d088ef0e34ef7fe4121056e569164-150x103.jpg 150w\" sizes=\"auto, (max-width: 600px) 100vw, 600px\" \/><p id=\"caption-attachment-6484\" class=\"wp-caption-text\">Cal\u00e7a jeans larga<\/p><\/div><\/li>\n<li><strong>Perna larga<\/strong>: Anchos desde a cadera, ideais para combinar com botas ou t\u00eanis, adaptando-se a v\u00e1rios tipos de couro.\n<p><div id=\"attachment_6486\" style=\"width: 610px\" class=\"wp-caption aligncenter\"><img loading=\"lazy\" decoding=\"async\" aria-describedby=\"caption-attachment-6486\" class=\"wp-image-6486\" src=\"https:\/\/lydenim.com\/wp-content\/uploads\/2025\/08\/87bb0789b146eefa948424269704ff74.jpg\" alt=\"\" width=\"600\" height=\"800\" srcset=\"https:\/\/lydenim.com\/wp-content\/uploads\/2025\/08\/87bb0789b146eefa948424269704ff74.jpg 852w, https:\/\/lydenim.com\/wp-content\/uploads\/2025\/08\/87bb0789b146eefa948424269704ff74-225x300.jpg 225w, https:\/\/lydenim.com\/wp-content\/uploads\/2025\/08\/87bb0789b146eefa948424269704ff74-768x1024.jpg 768w, https:\/\/lydenim.com\/wp-content\/uploads\/2025\/08\/87bb0789b146eefa948424269704ff74-9x12.jpg 9w, https:\/\/lydenim.com\/wp-content\/uploads\/2025\/08\/87bb0789b146eefa948424269704ff74-600x800.jpg 600w, https:\/\/lydenim.com\/wp-content\/uploads\/2025\/08\/87bb0789b146eefa948424269704ff74-150x200.jpg 150w\" sizes=\"auto, (max-width: 600px) 100vw, 600px\" \/><p id=\"caption-attachment-6486\" class=\"wp-caption-text\">Perna larga<\/p><\/div><\/li>\n<li><strong>Jeans retos<\/strong>: Cl\u00e1ssicos e vers\u00e1teis, como as cal\u00e7as de mezclilla para homens de moda.\n<p><div id=\"attachment_6488\" style=\"width: 610px\" class=\"wp-caption aligncenter\"><img loading=\"lazy\" decoding=\"async\" aria-describedby=\"caption-attachment-6488\" class=\"wp-image-6488\" src=\"https:\/\/lydenim.com\/wp-content\/uploads\/2025\/08\/34605df8a8e46b4c6649470d767f7082.jpg\" alt=\"\" width=\"600\" height=\"750\" srcset=\"https:\/\/lydenim.com\/wp-content\/uploads\/2025\/08\/34605df8a8e46b4c6649470d767f7082.jpg 731w, https:\/\/lydenim.com\/wp-content\/uploads\/2025\/08\/34605df8a8e46b4c6649470d767f7082-240x300.jpg 240w, https:\/\/lydenim.com\/wp-content\/uploads\/2025\/08\/34605df8a8e46b4c6649470d767f7082-10x12.jpg 10w, https:\/\/lydenim.com\/wp-content\/uploads\/2025\/08\/34605df8a8e46b4c6649470d767f7082-600x750.jpg 600w, https:\/\/lydenim.com\/wp-content\/uploads\/2025\/08\/34605df8a8e46b4c6649470d767f7082-150x188.jpg 150w\" sizes=\"auto, (max-width: 600px) 100vw, 600px\" \/><p id=\"caption-attachment-6488\" class=\"wp-caption-text\">Jeans retos<\/p><\/div><\/li>\n<li><strong>Cal\u00e7a jeans estilo barril<\/strong>: Inovadores, em forma de barril para um estilo juvenil.\n<p><div id=\"attachment_6492\" style=\"width: 610px\" class=\"wp-caption aligncenter\"><img loading=\"lazy\" decoding=\"async\" aria-describedby=\"caption-attachment-6492\" class=\"wp-image-6492\" src=\"https:\/\/lydenim.com\/wp-content\/uploads\/2025\/08\/f5155be23909dd960e509da4896b1acf.jpg\" alt=\"\" width=\"600\" height=\"750\" srcset=\"https:\/\/lydenim.com\/wp-content\/uploads\/2025\/08\/f5155be23909dd960e509da4896b1acf.jpg 1124w, https:\/\/lydenim.com\/wp-content\/uploads\/2025\/08\/f5155be23909dd960e509da4896b1acf-240x300.jpg 240w, https:\/\/lydenim.com\/wp-content\/uploads\/2025\/08\/f5155be23909dd960e509da4896b1acf-819x1024.jpg 819w, https:\/\/lydenim.com\/wp-content\/uploads\/2025\/08\/f5155be23909dd960e509da4896b1acf-768x960.jpg 768w, https:\/\/lydenim.com\/wp-content\/uploads\/2025\/08\/f5155be23909dd960e509da4896b1acf-10x12.jpg 10w, https:\/\/lydenim.com\/wp-content\/uploads\/2025\/08\/f5155be23909dd960e509da4896b1acf-600x750.jpg 600w, https:\/\/lydenim.com\/wp-content\/uploads\/2025\/08\/f5155be23909dd960e509da4896b1acf-150x188.jpg 150w\" sizes=\"auto, (max-width: 600px) 100vw, 600px\" \/><p id=\"caption-attachment-6492\" class=\"wp-caption-text\">Cal\u00e7a jeans estilo barril<\/p><\/div><\/li>\n<\/ul>\n<p dir=\"auto\">Esses cortes de pantalones de mezclilla n\u00e3o s\u00e3o apenas c\u00f3modos, mas se adaptam a diferentes estilos de vida. Por exemplo, os jeans rotos acrescentam um toque rebelde, enquanto os holgados priorizam a liberdade de movimento.<\/p>\n<h2 dir=\"auto\">Pantalones de Mezclilla para Hombre<\/h2>\n<p dir=\"auto\">Los pantalones de mezclilla hombre son un must en el armario masculino. Marcas como Levi&#039;s lideram por sua qualidade e durabilidade. Segundo Profeco, modelos da American Crew e Members Mark se destacaram por sua composi\u00e7\u00e3o majoritariamente de algod\u00e3o e resist\u00eancia ao desgaste. Para uma roupa casual, combine uma cal\u00e7a de mezclilla preta masculina com uma camiseta branca. Para um look mais elegante, opte por uma cal\u00e7a de mezclilla azul marinho com camisa de botones.<\/p>\n<div id=\"attachment_6487\" style=\"width: 610px\" class=\"wp-caption aligncenter\"><img loading=\"lazy\" decoding=\"async\" aria-describedby=\"caption-attachment-6487\" class=\"wp-image-6487\" src=\"https:\/\/lydenim.com\/wp-content\/uploads\/2025\/08\/2547ca48f4ccd37143af85875be69465.jpg\" alt=\"\" width=\"600\" height=\"837\" srcset=\"https:\/\/lydenim.com\/wp-content\/uploads\/2025\/08\/2547ca48f4ccd37143af85875be69465.jpg 902w, https:\/\/lydenim.com\/wp-content\/uploads\/2025\/08\/2547ca48f4ccd37143af85875be69465-215x300.jpg 215w, https:\/\/lydenim.com\/wp-content\/uploads\/2025\/08\/2547ca48f4ccd37143af85875be69465-734x1024.jpg 734w, https:\/\/lydenim.com\/wp-content\/uploads\/2025\/08\/2547ca48f4ccd37143af85875be69465-768x1071.jpg 768w, https:\/\/lydenim.com\/wp-content\/uploads\/2025\/08\/2547ca48f4ccd37143af85875be69465-9x12.jpg 9w, https:\/\/lydenim.com\/wp-content\/uploads\/2025\/08\/2547ca48f4ccd37143af85875be69465-600x837.jpg 600w, https:\/\/lydenim.com\/wp-content\/uploads\/2025\/08\/2547ca48f4ccd37143af85875be69465-150x209.jpg 150w\" sizes=\"auto, (max-width: 600px) 100vw, 600px\" \/><p id=\"caption-attachment-6487\" class=\"wp-caption-text\">Pantalones de Mezclilla para Hombre<\/p><\/div>\n<h2 dir=\"auto\">Pantalones de Mezclilla para Mujer<\/h2>\n<p dir=\"auto\">Las mujeres buscam pantalonas de mezclilla que combinem moda e comodidade, com cortes como cintura alta e acampanados liderando as tend\u00eancias da Primavera-<a href=\"https:\/\/www.vogue.com\/article\/spring-denim-trends-experts\">Ver\u00e3o<\/a> 2025, segundo Vogue. Um look com pantalon de mezclilla feminino roto e uma blusa boho cria um estilo rom\u00e2ntico.<\/p>\n<p dir=\"auto\">Marcas acess\u00edveis como American Eagle e Shein s\u00e3o populares, enquanto op\u00e7\u00f5es sustent\u00e1veis como Casa Denim se apoiam em materiais ecol\u00f3gicos. Veja mais ideias em nosso post sobre estilos femininos modernos.<\/p>\n<div id=\"attachment_6489\" style=\"width: 610px\" class=\"wp-caption aligncenter\"><img loading=\"lazy\" decoding=\"async\" aria-describedby=\"caption-attachment-6489\" class=\"wp-image-6489\" src=\"https:\/\/lydenim.com\/wp-content\/uploads\/2025\/08\/a46ffad5d5a8b88111cdc984c61842ac.jpg\" alt=\"\" width=\"600\" height=\"750\" srcset=\"https:\/\/lydenim.com\/wp-content\/uploads\/2025\/08\/a46ffad5d5a8b88111cdc984c61842ac.jpg 902w, https:\/\/lydenim.com\/wp-content\/uploads\/2025\/08\/a46ffad5d5a8b88111cdc984c61842ac-240x300.jpg 240w, https:\/\/lydenim.com\/wp-content\/uploads\/2025\/08\/a46ffad5d5a8b88111cdc984c61842ac-820x1024.jpg 820w, https:\/\/lydenim.com\/wp-content\/uploads\/2025\/08\/a46ffad5d5a8b88111cdc984c61842ac-768x960.jpg 768w, https:\/\/lydenim.com\/wp-content\/uploads\/2025\/08\/a46ffad5d5a8b88111cdc984c61842ac-10x12.jpg 10w, https:\/\/lydenim.com\/wp-content\/uploads\/2025\/08\/a46ffad5d5a8b88111cdc984c61842ac-600x750.jpg 600w, https:\/\/lydenim.com\/wp-content\/uploads\/2025\/08\/a46ffad5d5a8b88111cdc984c61842ac-150x187.jpg 150w\" sizes=\"auto, (max-width: 600px) 100vw, 600px\" \/><p id=\"caption-attachment-6489\" class=\"wp-caption-text\">Pantalones de Mezclilla para Mujer<\/p><\/div>\n<h3 dir=\"auto\">Roupas com Pantal\u00f3n de Mezclilla<\/h3>\n<p dir=\"auto\">Criar roupas com cal\u00e7as de mezclilla \u00e9 f\u00e1cil e vers\u00e1til. Para homens: cal\u00e7a de mezclilla azul claro com t\u00eanis e camiseta para um dia casual. Para mulheres: pantal\u00f3n de mezclilla negro com saco para um evento semi-formal.<\/p>\n<p dir=\"auto\">Ideias populares:<\/p>\n<ul dir=\"auto\">\n<li><strong>Casual<\/strong>: Outfit com pantalon de mezclilla e t\u00eanis \u2013 c\u00f3modo e trendy.\n<p><div id=\"attachment_6483\" style=\"width: 610px\" class=\"wp-caption aligncenter\"><img loading=\"lazy\" decoding=\"async\" aria-describedby=\"caption-attachment-6483\" class=\"wp-image-6483\" src=\"https:\/\/lydenim.com\/wp-content\/uploads\/2025\/08\/1f60a1f7c0fcb5ad137e347117e8a897.jpg\" alt=\"\" width=\"600\" height=\"750\" srcset=\"https:\/\/lydenim.com\/wp-content\/uploads\/2025\/08\/1f60a1f7c0fcb5ad137e347117e8a897.jpg 1241w, https:\/\/lydenim.com\/wp-content\/uploads\/2025\/08\/1f60a1f7c0fcb5ad137e347117e8a897-240x300.jpg 240w, https:\/\/lydenim.com\/wp-content\/uploads\/2025\/08\/1f60a1f7c0fcb5ad137e347117e8a897-819x1024.jpg 819w, https:\/\/lydenim.com\/wp-content\/uploads\/2025\/08\/1f60a1f7c0fcb5ad137e347117e8a897-768x960.jpg 768w, https:\/\/lydenim.com\/wp-content\/uploads\/2025\/08\/1f60a1f7c0fcb5ad137e347117e8a897-1229x1536.jpg 1229w, https:\/\/lydenim.com\/wp-content\/uploads\/2025\/08\/1f60a1f7c0fcb5ad137e347117e8a897-10x12.jpg 10w, https:\/\/lydenim.com\/wp-content\/uploads\/2025\/08\/1f60a1f7c0fcb5ad137e347117e8a897-600x750.jpg 600w, https:\/\/lydenim.com\/wp-content\/uploads\/2025\/08\/1f60a1f7c0fcb5ad137e347117e8a897-150x187.jpg 150w\" sizes=\"auto, (max-width: 600px) 100vw, 600px\" \/><p id=\"caption-attachment-6483\" class=\"wp-caption-text\">Casual<\/p><\/div><\/li>\n<li><strong>Formal<\/strong>: Blazer com pantalon de mezclilla, como sugerem tend\u00eancias no TikTok.\n<p><div id=\"attachment_6491\" style=\"width: 610px\" class=\"wp-caption aligncenter\"><img loading=\"lazy\" decoding=\"async\" aria-describedby=\"caption-attachment-6491\" class=\"wp-image-6491\" src=\"https:\/\/lydenim.com\/wp-content\/uploads\/2025\/08\/cd9f4c873ad4f5275484b92045303710.jpg\" alt=\"\" width=\"600\" height=\"750\" srcset=\"https:\/\/lydenim.com\/wp-content\/uploads\/2025\/08\/cd9f4c873ad4f5275484b92045303710.jpg 1129w, https:\/\/lydenim.com\/wp-content\/uploads\/2025\/08\/cd9f4c873ad4f5275484b92045303710-240x300.jpg 240w, https:\/\/lydenim.com\/wp-content\/uploads\/2025\/08\/cd9f4c873ad4f5275484b92045303710-819x1024.jpg 819w, https:\/\/lydenim.com\/wp-content\/uploads\/2025\/08\/cd9f4c873ad4f5275484b92045303710-768x960.jpg 768w, https:\/\/lydenim.com\/wp-content\/uploads\/2025\/08\/cd9f4c873ad4f5275484b92045303710-10x12.jpg 10w, https:\/\/lydenim.com\/wp-content\/uploads\/2025\/08\/cd9f4c873ad4f5275484b92045303710-600x750.jpg 600w, https:\/\/lydenim.com\/wp-content\/uploads\/2025\/08\/cd9f4c873ad4f5275484b92045303710-150x187.jpg 150w\" sizes=\"auto, (max-width: 600px) 100vw, 600px\" \/><p id=\"caption-attachment-6491\" class=\"wp-caption-text\">Formal<\/p><\/div><\/li>\n<li><strong>Juvenil<\/strong>: Pantalones de mezclilla holgados com brilhos para fiestas.\n<p><div id=\"attachment_6493\" style=\"width: 610px\" class=\"wp-caption aligncenter\"><img loading=\"lazy\" decoding=\"async\" aria-describedby=\"caption-attachment-6493\" class=\"wp-image-6493\" src=\"https:\/\/lydenim.com\/wp-content\/uploads\/2025\/08\/WechatIMG2290-scaled.jpeg\" alt=\"\" width=\"600\" height=\"250\" srcset=\"https:\/\/lydenim.com\/wp-content\/uploads\/2025\/08\/WechatIMG2290-scaled.jpeg 2560w, https:\/\/lydenim.com\/wp-content\/uploads\/2025\/08\/WechatIMG2290-300x125.jpeg 300w, https:\/\/lydenim.com\/wp-content\/uploads\/2025\/08\/WechatIMG2290-1024x427.jpeg 1024w, https:\/\/lydenim.com\/wp-content\/uploads\/2025\/08\/WechatIMG2290-768x320.jpeg 768w, https:\/\/lydenim.com\/wp-content\/uploads\/2025\/08\/WechatIMG2290-1536x640.jpeg 1536w, https:\/\/lydenim.com\/wp-content\/uploads\/2025\/08\/WechatIMG2290-2048x853.jpeg 2048w, https:\/\/lydenim.com\/wp-content\/uploads\/2025\/08\/WechatIMG2290-18x8.jpeg 18w, https:\/\/lydenim.com\/wp-content\/uploads\/2025\/08\/WechatIMG2290-600x250.jpeg 600w, https:\/\/lydenim.com\/wp-content\/uploads\/2025\/08\/WechatIMG2290-150x63.jpeg 150w\" sizes=\"auto, (max-width: 600px) 100vw, 600px\" \/><p id=\"caption-attachment-6493\" class=\"wp-caption-text\">Juvenil:<\/p><\/div><\/li>\n<\/ul>\n<p dir=\"auto\">Encontre mais inspira\u00e7\u00e3o em nosso artigo sobre combina\u00e7\u00f5es de moda di\u00e1ria.<\/p>\n<h2 dir=\"ltr\" data-pm-slice=\"1 1 []\">Servi\u00e7os de Personaliza\u00e7\u00e3o de LYDENIM<\/h2>\n<p dir=\"ltr\" data-pm-slice=\"1 1 []\">\u00bfBuscas telas de mezclilla premium ou roupas de <strong>mistura<\/strong> uma medida? LYDENIM oferece solu\u00e7\u00f5es personalizadas para elevar seus objetivos de design e produ\u00e7\u00e3o com telas luxuosas e texturizadas.<\/p>\n<p dir=\"ltr\">\ud83c\udfa8 Voc\u00ea quer tecidos vaqueiros personalizados ou roupas vaqueiras \u00fanicas e personalizadas? <a href=\"https:\/\/lydenim.com\/pt\/\">LYDENIM<\/a> especializa-se em solu\u00e7\u00f5es sob medida para satisfazer suas necessidades de design e produ\u00e7\u00e3o.<\/p>\n<p dir=\"ltr\">\ud83d\udecd\ufe0f <strong>Roupa personalizada<\/strong>: Projeta roupas de denim que se destacam com nossos tecidos vers\u00e1teis de chenilla, desde vaqueros suaves ao tato at\u00e9 chaquetas elegantes. Explorar e personalizar\u00a0<a href=\"http:\/\/liangyuantextile.m.en.alibaba.com\"><strong>Myalibaba<\/strong><\/a>.<\/p>\n<p>\ud83d\udce9 <strong>Contatos<\/strong>: Entre em contato com nosso equipamento em <a href=\"mailto:malone@lydenim.com\">malone@lydenim.com<\/a> para falar sobre suas necessidades em materiais de tecidos ou roupas de vestir, desde patrones de tejido at\u00e9 misturas s\u00f3lidas.<\/p>\n<p>Crie sua vis\u00e3o com LYDENIM, seu s\u00f3cio de confian\u00e7a para tecidos vaqueiros inovadores e de alta qualidade e solu\u00e7\u00f5es de roupas personalizadas.<\/p>","protected":false},"excerpt":{"rendered":"<p>Introdu\u00e7\u00e3o Los pantalones de mezclilla s\u00e3o algo que nunca passa de moda. Isso deve ser combinado muito bem<\/p>","protected":false},"author":1,"featured_media":6495,"comment_status":"open","ping_status":"open","sticky":false,"template":"","format":"standard","meta":{"two_page_speed":[],"footnotes":""},"categories":[76],"tags":[],"class_list":["post-6415","post","type-post","status-publish","format-standard","has-post-thumbnail","hentry","category-garment"],"aioseo_notices":[],"_links":{"self":[{"href":"https:\/\/lydenim.com\/pt\/wp-json\/wp\/v2\/posts\/6415","targetHints":{"allow":["GET"]}}],"collection":[{"href":"https:\/\/lydenim.com\/pt\/wp-json\/wp\/v2\/posts"}],"about":[{"href":"https:\/\/lydenim.com\/pt\/wp-json\/wp\/v2\/types\/post"}],"author":[{"embeddable":true,"href":"https:\/\/lydenim.com\/pt\/wp-json\/wp\/v2\/users\/1"}],"replies":[{"embeddable":true,"href":"https:\/\/lydenim.com\/pt\/wp-json\/wp\/v2\/comments?post=6415"}],"version-history":[{"count":2,"href":"https:\/\/lydenim.com\/pt\/wp-json\/wp\/v2\/posts\/6415\/revisions"}],"predecessor-version":[{"id":6494,"href":"https:\/\/lydenim.com\/pt\/wp-json\/wp\/v2\/posts\/6415\/revisions\/6494"}],"wp:featuredmedia":[{"embeddable":true,"href":"https:\/\/lydenim.com\/pt\/wp-json\/wp\/v2\/media\/6495"}],"wp:attachment":[{"href":"https:\/\/lydenim.com\/pt\/wp-json\/wp\/v2\/media?parent=6415"}],"wp:term":[{"taxonomy":"category","embeddable":true,"href":"https:\/\/lydenim.com\/pt\/wp-json\/wp\/v2\/categories?post=6415"},{"taxonomy":"post_tag","embeddable":true,"href":"https:\/\/lydenim.com\/pt\/wp-json\/wp\/v2\/tags?post=6415"}],"curies":[{"name":"wp","href":"https:\/\/api.w.org\/{rel}","templated":true}]}}