{"id":6703,"date":"2025-10-10T12:00:01","date_gmt":"2025-10-10T04:00:01","guid":{"rendered":"https:\/\/lydenim.com\/?p=6703"},"modified":"2025-10-10T12:00:01","modified_gmt":"2025-10-10T04:00:01","slug":"fall-2025-denim-trends-the-must-have-jeans-styles-taking-over-your-wardrobe","status":"publish","type":"post","link":"https:\/\/lydenim.com\/pt\/tendencias-de-jeans-outono-2025-os-estilos-de-jeans-indispensaveis-que-estao-tomando-conta-do-seu-guarda-roupa\/","title":{"rendered":"Tend\u00eancias de jeans para o outono de 2025: os estilos de jeans indispens\u00e1veis que v\u00e3o dominar seu guarda-roupa!"},"content":{"rendered":"<h2>Tempo estimado de leitura: ~4 minutos<\/h2>\n<p dir=\"auto\">Todo mundo sabe que o jeans \u00e9 uma pe\u00e7a atemporal e nunca sai de moda. Mas a cada esta\u00e7\u00e3o, as marcas renovam os cl\u00e1ssicos com caimentos e detalhes inovadores. Ent\u00e3o, o que <em>tend\u00eancias de jeans outono 2025<\/em> est\u00e3o dominando as passarelas e as ruas? Junte-se a n\u00f3s para analisar os modelos jeans mais em alta \u2014 desde releituras vintage at\u00e9 looks casuais para o dia a dia. Se voc\u00ea est\u00e1 procurando por <em>ideias de roupas jeans de pai<\/em> ou <em>dicas de estilo para cal\u00e7as boca de sino<\/em>, n\u00f3s cuidamos de voc\u00ea!<\/p>\n<h2 dir=\"auto\">Cal\u00e7a jeans masculina n\u00ba 1: o revival vintage definitivo<\/h2>\n<p dir=\"auto\">Com a onda da febre retr\u00f4 varrendo o mundo da moda, pe\u00e7as sa\u00eddas diretamente dos arm\u00e1rios dos seus pais ou at\u00e9 mesmo dos seus av\u00f3s est\u00e3o retornando triunfantemente. &quot;Cal\u00e7as jeans da mam\u00e3e&quot; e &quot;cal\u00e7as da vov\u00f3&quot; foram apenas o come\u00e7o \u2014 agora <em>jeans de pai<\/em> est\u00e3o invadindo a cena, e todos os compradores antenados em estilo est\u00e3o comprando!<\/p>\n<div id=\"attachment_6706\" style=\"width: 610px\" class=\"wp-caption aligncenter\"><img loading=\"lazy\" decoding=\"async\" aria-describedby=\"caption-attachment-6706\" class=\"wp-image-6706\" src=\"https:\/\/lydenim.com\/wp-content\/uploads\/2025\/10\/DM_20251008163638_002.jpg\" alt=\"\" width=\"600\" height=\"401\" srcset=\"https:\/\/lydenim.com\/wp-content\/uploads\/2025\/10\/DM_20251008163638_002.jpg 443w, https:\/\/lydenim.com\/wp-content\/uploads\/2025\/10\/DM_20251008163638_002-300x200.jpg 300w, https:\/\/lydenim.com\/wp-content\/uploads\/2025\/10\/DM_20251008163638_002-18x12.jpg 18w, https:\/\/lydenim.com\/wp-content\/uploads\/2025\/10\/DM_20251008163638_002-150x100.jpg 150w\" sizes=\"auto, (max-width: 600px) 100vw, 600px\" \/><p id=\"caption-attachment-6706\" class=\"wp-caption-text\">Cal\u00e7a jeans do papai<\/p><\/div>\n<p dir=\"auto\">Se voc\u00ea ainda est\u00e1 descobrindo a diferen\u00e7a entre <em>Cal\u00e7a jeans do papai<\/em> e <em>Mom Jeans<\/em>, aqui vai uma r\u00e1pida compara\u00e7\u00e3o: as mom jeans apresentam cintura alta, larga na parte superior e afunilada na parte inferior, com um ajuste estruturado e confort\u00e1vel nos quadris e tornozelos. As dad jeans, por outro lado, oferecem um corte reto e relaxado, solto do quadril \u00e0 bainha \u2014 sem \u00eanfase na cintura ou nas curvas \u2014 para aquele visual descontra\u00eddo e despojado.<\/p>\n<div id=\"attachment_6707\" style=\"width: 610px\" class=\"wp-caption aligncenter\"><img loading=\"lazy\" decoding=\"async\" aria-describedby=\"caption-attachment-6707\" class=\"wp-image-6707\" src=\"https:\/\/lydenim.com\/wp-content\/uploads\/2025\/10\/DM_20251008163638_003.jpg\" alt=\"\" width=\"600\" height=\"449\" srcset=\"https:\/\/lydenim.com\/wp-content\/uploads\/2025\/10\/DM_20251008163638_003.jpg 676w, https:\/\/lydenim.com\/wp-content\/uploads\/2025\/10\/DM_20251008163638_003-300x225.jpg 300w, https:\/\/lydenim.com\/wp-content\/uploads\/2025\/10\/DM_20251008163638_003-16x12.jpg 16w, https:\/\/lydenim.com\/wp-content\/uploads\/2025\/10\/DM_20251008163638_003-600x449.jpg 600w, https:\/\/lydenim.com\/wp-content\/uploads\/2025\/10\/DM_20251008163638_003-150x112.jpg 150w\" sizes=\"auto, (max-width: 600px) 100vw, 600px\" \/><p id=\"caption-attachment-6707\" class=\"wp-caption-text\">Cal\u00e7a jeans do papai e da mam\u00e3e<\/p><\/div>\n<p dir=\"auto\">As cal\u00e7as jeans estilo &quot;dad jeans&quot; exalam um estilo casual e descolado, estilo boyfriend, com energia masculina \u00e0 flor da pele. Combine-as com pe\u00e7as de g\u00eanero neutro para um visual andr\u00f3gino e elegante, sem esfor\u00e7o e cheio de atitude.<\/p>\n<div id=\"attachment_6708\" style=\"width: 610px\" class=\"wp-caption aligncenter\"><img loading=\"lazy\" decoding=\"async\" aria-describedby=\"caption-attachment-6708\" class=\"wp-image-6708\" src=\"https:\/\/lydenim.com\/wp-content\/uploads\/2025\/10\/DM_20251008163638_004.jpg\" alt=\"\" width=\"600\" height=\"800\" srcset=\"https:\/\/lydenim.com\/wp-content\/uploads\/2025\/10\/DM_20251008163638_004.jpg 475w, https:\/\/lydenim.com\/wp-content\/uploads\/2025\/10\/DM_20251008163638_004-225x300.jpg 225w, https:\/\/lydenim.com\/wp-content\/uploads\/2025\/10\/DM_20251008163638_004-9x12.jpg 9w, https:\/\/lydenim.com\/wp-content\/uploads\/2025\/10\/DM_20251008163638_004-450x600.jpg 450w, https:\/\/lydenim.com\/wp-content\/uploads\/2025\/10\/DM_20251008163638_004-150x200.jpg 150w\" sizes=\"auto, (max-width: 600px) 100vw, 600px\" \/><p id=\"caption-attachment-6708\" class=\"wp-caption-text\">Cal\u00e7a jeans de pai<\/p><\/div>\n<div id=\"attachment_6709\" style=\"width: 610px\" class=\"wp-caption aligncenter\"><img loading=\"lazy\" decoding=\"async\" aria-describedby=\"caption-attachment-6709\" class=\"wp-image-6709\" src=\"https:\/\/lydenim.com\/wp-content\/uploads\/2025\/10\/DM_20251008163638_005.jpg\" alt=\"\" width=\"600\" height=\"800\" srcset=\"https:\/\/lydenim.com\/wp-content\/uploads\/2025\/10\/DM_20251008163638_005.jpg 475w, https:\/\/lydenim.com\/wp-content\/uploads\/2025\/10\/DM_20251008163638_005-225x300.jpg 225w, https:\/\/lydenim.com\/wp-content\/uploads\/2025\/10\/DM_20251008163638_005-9x12.jpg 9w, https:\/\/lydenim.com\/wp-content\/uploads\/2025\/10\/DM_20251008163638_005-450x600.jpg 450w, https:\/\/lydenim.com\/wp-content\/uploads\/2025\/10\/DM_20251008163638_005-150x200.jpg 150w\" sizes=\"auto, (max-width: 600px) 100vw, 600px\" \/><p id=\"caption-attachment-6709\" class=\"wp-caption-text\">Cal\u00e7a jeans de pai<\/p><\/div>\n<p dir=\"auto\">Combine-os com blazers de inspira\u00e7\u00e3o vintage ou jaquetas curtas para um visual retr\u00f4 elegante, elegante e divertido, que certamente chamar\u00e1 a aten\u00e7\u00e3o.<\/p>\n<div id=\"attachment_6710\" style=\"width: 610px\" class=\"wp-caption aligncenter\"><img loading=\"lazy\" decoding=\"async\" aria-describedby=\"caption-attachment-6710\" class=\"wp-image-6710\" src=\"https:\/\/lydenim.com\/wp-content\/uploads\/2025\/10\/DM_20251008163638_006.jpg\" alt=\"\" width=\"600\" height=\"800\" srcset=\"https:\/\/lydenim.com\/wp-content\/uploads\/2025\/10\/DM_20251008163638_006.jpg 475w, https:\/\/lydenim.com\/wp-content\/uploads\/2025\/10\/DM_20251008163638_006-225x300.jpg 225w, https:\/\/lydenim.com\/wp-content\/uploads\/2025\/10\/DM_20251008163638_006-9x12.jpg 9w, https:\/\/lydenim.com\/wp-content\/uploads\/2025\/10\/DM_20251008163638_006-450x600.jpg 450w, https:\/\/lydenim.com\/wp-content\/uploads\/2025\/10\/DM_20251008163638_006-150x200.jpg 150w\" sizes=\"auto, (max-width: 600px) 100vw, 600px\" \/><p id=\"caption-attachment-6710\" class=\"wp-caption-text\">Cal\u00e7a jeans estilo pai vintage combinando<\/p><\/div>\n<div id=\"attachment_6711\" style=\"width: 610px\" class=\"wp-caption aligncenter\"><img loading=\"lazy\" decoding=\"async\" aria-describedby=\"caption-attachment-6711\" class=\"wp-image-6711\" src=\"https:\/\/lydenim.com\/wp-content\/uploads\/2025\/10\/DM_20251008163638_007.jpg\" alt=\"\" width=\"600\" height=\"800\" srcset=\"https:\/\/lydenim.com\/wp-content\/uploads\/2025\/10\/DM_20251008163638_007.jpg 475w, https:\/\/lydenim.com\/wp-content\/uploads\/2025\/10\/DM_20251008163638_007-225x300.jpg 225w, https:\/\/lydenim.com\/wp-content\/uploads\/2025\/10\/DM_20251008163638_007-9x12.jpg 9w, https:\/\/lydenim.com\/wp-content\/uploads\/2025\/10\/DM_20251008163638_007-450x600.jpg 450w, https:\/\/lydenim.com\/wp-content\/uploads\/2025\/10\/DM_20251008163638_007-150x200.jpg 150w\" sizes=\"auto, (max-width: 600px) 100vw, 600px\" \/><p id=\"caption-attachment-6711\" class=\"wp-caption-text\">Cal\u00e7a jeans estilo pai vintage combinando<\/p><\/div>\n<p dir=\"auto\">Para adicionar um toque feminino, concentre-se na blusa e nos sapatos. Opte por blusas tomara que caia com estampas florais ou saltos de tiras para misturar jeans r\u00fastico com um toque rom\u00e2ntico \u2014 o descolado encontra o discreto da maneira mais sedutora.<\/p>\n<div id=\"attachment_6712\" style=\"width: 580px\" class=\"wp-caption aligncenter\"><img loading=\"lazy\" decoding=\"async\" aria-describedby=\"caption-attachment-6712\" class=\"size-full wp-image-6712\" src=\"https:\/\/lydenim.com\/wp-content\/uploads\/2025\/10\/DM_20251008163638_008.jpg\" alt=\"\" width=\"570\" height=\"871\" srcset=\"https:\/\/lydenim.com\/wp-content\/uploads\/2025\/10\/DM_20251008163638_008.jpg 570w, https:\/\/lydenim.com\/wp-content\/uploads\/2025\/10\/DM_20251008163638_008-196x300.jpg 196w, https:\/\/lydenim.com\/wp-content\/uploads\/2025\/10\/DM_20251008163638_008-8x12.jpg 8w, https:\/\/lydenim.com\/wp-content\/uploads\/2025\/10\/DM_20251008163638_008-393x600.jpg 393w, https:\/\/lydenim.com\/wp-content\/uploads\/2025\/10\/DM_20251008163638_008-150x229.jpg 150w\" sizes=\"auto, (max-width: 570px) 100vw, 570px\" \/><p id=\"caption-attachment-6712\" class=\"wp-caption-text\">Combina\u00e7\u00e3o de v\u00e1rios estilos<\/p><\/div>\n<div id=\"attachment_6713\" style=\"width: 610px\" class=\"wp-caption aligncenter\"><img loading=\"lazy\" decoding=\"async\" aria-describedby=\"caption-attachment-6713\" class=\"wp-image-6713\" src=\"https:\/\/lydenim.com\/wp-content\/uploads\/2025\/10\/DM_20251008163638_009.jpg\" alt=\"\" width=\"600\" height=\"917\" srcset=\"https:\/\/lydenim.com\/wp-content\/uploads\/2025\/10\/DM_20251008163638_009.jpg 570w, https:\/\/lydenim.com\/wp-content\/uploads\/2025\/10\/DM_20251008163638_009-196x300.jpg 196w, https:\/\/lydenim.com\/wp-content\/uploads\/2025\/10\/DM_20251008163638_009-8x12.jpg 8w, https:\/\/lydenim.com\/wp-content\/uploads\/2025\/10\/DM_20251008163638_009-393x600.jpg 393w, https:\/\/lydenim.com\/wp-content\/uploads\/2025\/10\/DM_20251008163638_009-150x229.jpg 150w\" sizes=\"auto, (max-width: 600px) 100vw, 600px\" \/><p id=\"caption-attachment-6713\" class=\"wp-caption-text\">Combina\u00e7\u00e3o de v\u00e1rios estilos<\/p><\/div>\n<div id=\"attachment_6714\" style=\"width: 610px\" class=\"wp-caption aligncenter\"><img loading=\"lazy\" decoding=\"async\" aria-describedby=\"caption-attachment-6714\" class=\"wp-image-6714\" src=\"https:\/\/lydenim.com\/wp-content\/uploads\/2025\/10\/DM_20251008163638_010.jpg\" alt=\"\" width=\"600\" height=\"917\" srcset=\"https:\/\/lydenim.com\/wp-content\/uploads\/2025\/10\/DM_20251008163638_010.jpg 570w, https:\/\/lydenim.com\/wp-content\/uploads\/2025\/10\/DM_20251008163638_010-196x300.jpg 196w, https:\/\/lydenim.com\/wp-content\/uploads\/2025\/10\/DM_20251008163638_010-8x12.jpg 8w, https:\/\/lydenim.com\/wp-content\/uploads\/2025\/10\/DM_20251008163638_010-393x600.jpg 393w, https:\/\/lydenim.com\/wp-content\/uploads\/2025\/10\/DM_20251008163638_010-150x229.jpg 150w\" sizes=\"auto, (max-width: 600px) 100vw, 600px\" \/><p id=\"caption-attachment-6714\" class=\"wp-caption-text\">Combina\u00e7\u00e3o de v\u00e1rios estilos<\/p><\/div>\n<div id=\"attachment_6715\" style=\"width: 610px\" class=\"wp-caption aligncenter\"><img loading=\"lazy\" decoding=\"async\" aria-describedby=\"caption-attachment-6715\" class=\"wp-image-6715\" src=\"https:\/\/lydenim.com\/wp-content\/uploads\/2025\/10\/DM_20251008163638_011.jpg\" alt=\"\" width=\"600\" height=\"917\" srcset=\"https:\/\/lydenim.com\/wp-content\/uploads\/2025\/10\/DM_20251008163638_011.jpg 570w, https:\/\/lydenim.com\/wp-content\/uploads\/2025\/10\/DM_20251008163638_011-196x300.jpg 196w, https:\/\/lydenim.com\/wp-content\/uploads\/2025\/10\/DM_20251008163638_011-8x12.jpg 8w, https:\/\/lydenim.com\/wp-content\/uploads\/2025\/10\/DM_20251008163638_011-393x600.jpg 393w, https:\/\/lydenim.com\/wp-content\/uploads\/2025\/10\/DM_20251008163638_011-150x229.jpg 150w\" sizes=\"auto, (max-width: 600px) 100vw, 600px\" \/><p id=\"caption-attachment-6715\" class=\"wp-caption-text\">Combina\u00e7\u00e3o de v\u00e1rios estilos<\/p><\/div>\n<h2 dir=\"auto\">Cal\u00e7a jeans boca de sino n\u00ba 2: o glamour dos anos 70 em alta<\/h2>\n<p dir=\"auto\">Quando se trata de vibra\u00e7\u00f5es retr\u00f4, nenhuma pe\u00e7a grita nostalgia como <em>jeans boca de sino<\/em>. Ao contr\u00e1rio das explos\u00f5es sutis dos \u00faltimos anos, <em>tend\u00eancias de jeans outono 2025<\/em> s\u00e3o todos sobre sinos de perna larga, ousados e dram\u00e1ticos, no estilo dos anos 70, que retornam com for\u00e7a total.<\/p>\n<div id=\"attachment_6716\" style=\"width: 610px\" class=\"wp-caption aligncenter\"><img loading=\"lazy\" decoding=\"async\" aria-describedby=\"caption-attachment-6716\" class=\"wp-image-6716\" src=\"https:\/\/lydenim.com\/wp-content\/uploads\/2025\/10\/DM_20251008163638_012.jpg\" alt=\"\" width=\"600\" height=\"917\" srcset=\"https:\/\/lydenim.com\/wp-content\/uploads\/2025\/10\/DM_20251008163638_012.jpg 570w, https:\/\/lydenim.com\/wp-content\/uploads\/2025\/10\/DM_20251008163638_012-196x300.jpg 196w, https:\/\/lydenim.com\/wp-content\/uploads\/2025\/10\/DM_20251008163638_012-8x12.jpg 8w, https:\/\/lydenim.com\/wp-content\/uploads\/2025\/10\/DM_20251008163638_012-393x600.jpg 393w, https:\/\/lydenim.com\/wp-content\/uploads\/2025\/10\/DM_20251008163638_012-150x229.jpg 150w\" sizes=\"auto, (max-width: 600px) 100vw, 600px\" \/><p id=\"caption-attachment-6716\" class=\"wp-caption-text\">Cal\u00e7a jeans boca de sino<\/p><\/div>\n<div id=\"attachment_6717\" style=\"width: 610px\" class=\"wp-caption aligncenter\"><img loading=\"lazy\" decoding=\"async\" aria-describedby=\"caption-attachment-6717\" class=\"wp-image-6717\" src=\"https:\/\/lydenim.com\/wp-content\/uploads\/2025\/10\/DM_20251008163638_013.jpg\" alt=\"\" width=\"600\" height=\"917\" srcset=\"https:\/\/lydenim.com\/wp-content\/uploads\/2025\/10\/DM_20251008163638_013.jpg 570w, https:\/\/lydenim.com\/wp-content\/uploads\/2025\/10\/DM_20251008163638_013-196x300.jpg 196w, https:\/\/lydenim.com\/wp-content\/uploads\/2025\/10\/DM_20251008163638_013-8x12.jpg 8w, https:\/\/lydenim.com\/wp-content\/uploads\/2025\/10\/DM_20251008163638_013-393x600.jpg 393w, https:\/\/lydenim.com\/wp-content\/uploads\/2025\/10\/DM_20251008163638_013-150x229.jpg 150w\" sizes=\"auto, (max-width: 600px) 100vw, 600px\" \/><p id=\"caption-attachment-6717\" class=\"wp-caption-text\">Cal\u00e7a jeans boca de sino<\/p><\/div>\n<p dir=\"auto\">Esses jeans n\u00e3o apenas transmitem o glamour moderno e retr\u00f4, como tamb\u00e9m criam ilus\u00f5es instant\u00e2neas de alongamento das pernas, fazendo de cada passo um espet\u00e1culo repleto de energia boho-chic atemporal.<\/p>\n<div id=\"attachment_6718\" style=\"width: 610px\" class=\"wp-caption aligncenter\"><img loading=\"lazy\" decoding=\"async\" aria-describedby=\"caption-attachment-6718\" class=\"wp-image-6718\" src=\"https:\/\/lydenim.com\/wp-content\/uploads\/2025\/10\/DM_20251008163638_014.jpg\" alt=\"\" width=\"600\" height=\"917\" srcset=\"https:\/\/lydenim.com\/wp-content\/uploads\/2025\/10\/DM_20251008163638_014.jpg 570w, https:\/\/lydenim.com\/wp-content\/uploads\/2025\/10\/DM_20251008163638_014-196x300.jpg 196w, https:\/\/lydenim.com\/wp-content\/uploads\/2025\/10\/DM_20251008163638_014-8x12.jpg 8w, https:\/\/lydenim.com\/wp-content\/uploads\/2025\/10\/DM_20251008163638_014-393x600.jpg 393w, https:\/\/lydenim.com\/wp-content\/uploads\/2025\/10\/DM_20251008163638_014-150x229.jpg 150w\" sizes=\"auto, (max-width: 600px) 100vw, 600px\" \/><p id=\"caption-attachment-6718\" class=\"wp-caption-text\">glamour moderno-retro<\/p><\/div>\n<p dir=\"auto\">As cal\u00e7as boca de sino tamb\u00e9m s\u00e3o essenciais na moda francesa para uma eleg\u00e2ncia rom\u00e2ntica e despojada. Combine-as com cardigans grandiosos, camisetas listradas ou camisas de bot\u00e3o impec\u00e1veis para um visual elegante. <em>chique franc\u00eas<\/em> est\u00e9tica moderna para a esta\u00e7\u00e3o: simples, sofisticada e muito fotog\u00eanica.<\/p>\n<div id=\"attachment_6721\" style=\"width: 610px\" class=\"wp-caption aligncenter\"><img loading=\"lazy\" decoding=\"async\" aria-describedby=\"caption-attachment-6721\" class=\"wp-image-6721\" src=\"https:\/\/lydenim.com\/wp-content\/uploads\/2025\/10\/DM_20251008163638_017.jpg\" alt=\"\" width=\"600\" height=\"751\" srcset=\"https:\/\/lydenim.com\/wp-content\/uploads\/2025\/10\/DM_20251008163638_017.jpg 570w, https:\/\/lydenim.com\/wp-content\/uploads\/2025\/10\/DM_20251008163638_017-240x300.jpg 240w, https:\/\/lydenim.com\/wp-content\/uploads\/2025\/10\/DM_20251008163638_017-10x12.jpg 10w, https:\/\/lydenim.com\/wp-content\/uploads\/2025\/10\/DM_20251008163638_017-480x600.jpg 480w, https:\/\/lydenim.com\/wp-content\/uploads\/2025\/10\/DM_20251008163638_017-150x188.jpg 150w\" sizes=\"auto, (max-width: 600px) 100vw, 600px\" \/><p id=\"caption-attachment-6721\" class=\"wp-caption-text\">Cal\u00e7as boca de sino<\/p><\/div>\n<div id=\"attachment_6722\" style=\"width: 610px\" class=\"wp-caption aligncenter\"><img loading=\"lazy\" decoding=\"async\" aria-describedby=\"caption-attachment-6722\" class=\"wp-image-6722\" src=\"https:\/\/lydenim.com\/wp-content\/uploads\/2025\/10\/DM_20251008163638_018.jpg\" alt=\"\" width=\"600\" height=\"751\" srcset=\"https:\/\/lydenim.com\/wp-content\/uploads\/2025\/10\/DM_20251008163638_018.jpg 570w, https:\/\/lydenim.com\/wp-content\/uploads\/2025\/10\/DM_20251008163638_018-240x300.jpg 240w, https:\/\/lydenim.com\/wp-content\/uploads\/2025\/10\/DM_20251008163638_018-10x12.jpg 10w, https:\/\/lydenim.com\/wp-content\/uploads\/2025\/10\/DM_20251008163638_018-480x600.jpg 480w, https:\/\/lydenim.com\/wp-content\/uploads\/2025\/10\/DM_20251008163638_018-150x188.jpg 150w\" sizes=\"auto, (max-width: 600px) 100vw, 600px\" \/><p id=\"caption-attachment-6722\" class=\"wp-caption-text\">Cal\u00e7as boca de sino<\/p><\/div>\n<div id=\"attachment_6723\" style=\"width: 610px\" class=\"wp-caption aligncenter\"><img loading=\"lazy\" decoding=\"async\" aria-describedby=\"caption-attachment-6723\" class=\"wp-image-6723\" src=\"https:\/\/lydenim.com\/wp-content\/uploads\/2025\/10\/DM_20251008163638_019.jpg\" alt=\"\" width=\"600\" height=\"751\" srcset=\"https:\/\/lydenim.com\/wp-content\/uploads\/2025\/10\/DM_20251008163638_019.jpg 570w, https:\/\/lydenim.com\/wp-content\/uploads\/2025\/10\/DM_20251008163638_019-240x300.jpg 240w, https:\/\/lydenim.com\/wp-content\/uploads\/2025\/10\/DM_20251008163638_019-10x12.jpg 10w, https:\/\/lydenim.com\/wp-content\/uploads\/2025\/10\/DM_20251008163638_019-480x600.jpg 480w, https:\/\/lydenim.com\/wp-content\/uploads\/2025\/10\/DM_20251008163638_019-150x188.jpg 150w\" sizes=\"auto, (max-width: 600px) 100vw, 600px\" \/><p id=\"caption-attachment-6723\" class=\"wp-caption-text\">Cal\u00e7as boca de sino<\/p><\/div>\n<h2 dir=\"auto\">Macac\u00e3o jeans n\u00ba 3: a cal\u00e7a do \u201cprimeiro amor\u201d para uma vibe jovem e sem esfor\u00e7o<\/h2>\n<p dir=\"auto\">Outro sucesso carregado de nostalgia, <em>macac\u00e3o jeans<\/em> (tamb\u00e9m conhecidas como &quot;cal\u00e7as do primeiro amor&quot;) est\u00e3o prontas para roubar os holofotes neste outono. Combinando jovialidade e charme retr\u00f4 art\u00edstico, elas evocam aquela sensa\u00e7\u00e3o doce e inocente de paix\u00e3o \u2014 perfeitas para um estilo que te deixa bem.<\/p>\n<p dir=\"auto\">Use um su\u00e9ter de tric\u00f4 aconchegante sobre um macac\u00e3o para criar looks prontos para o outono: um toque de extravag\u00e2ncia encontra uma sofistica\u00e7\u00e3o descontra\u00edda, alcan\u00e7ando o equil\u00edbrio perfeito entre a moda.<\/p>\n<div id=\"attachment_6724\" style=\"width: 610px\" class=\"wp-caption aligncenter\"><img loading=\"lazy\" decoding=\"async\" aria-describedby=\"caption-attachment-6724\" class=\"wp-image-6724\" src=\"https:\/\/lydenim.com\/wp-content\/uploads\/2025\/10\/DM_20251008163638_020.jpg\" alt=\"\" width=\"600\" height=\"900\" srcset=\"https:\/\/lydenim.com\/wp-content\/uploads\/2025\/10\/DM_20251008163638_020.jpg 422w, https:\/\/lydenim.com\/wp-content\/uploads\/2025\/10\/DM_20251008163638_020-200x300.jpg 200w, https:\/\/lydenim.com\/wp-content\/uploads\/2025\/10\/DM_20251008163638_020-8x12.jpg 8w, https:\/\/lydenim.com\/wp-content\/uploads\/2025\/10\/DM_20251008163638_020-400x600.jpg 400w, https:\/\/lydenim.com\/wp-content\/uploads\/2025\/10\/DM_20251008163638_020-150x225.jpg 150w\" sizes=\"auto, (max-width: 600px) 100vw, 600px\" \/><p id=\"caption-attachment-6724\" class=\"wp-caption-text\">Macac\u00e3o jeans<\/p><\/div>\n<div id=\"attachment_6725\" style=\"width: 610px\" class=\"wp-caption aligncenter\"><img loading=\"lazy\" decoding=\"async\" aria-describedby=\"caption-attachment-6725\" class=\"wp-image-6725\" src=\"https:\/\/lydenim.com\/wp-content\/uploads\/2025\/10\/DM_20251008163638_021.jpg\" alt=\"\" width=\"600\" height=\"900\" srcset=\"https:\/\/lydenim.com\/wp-content\/uploads\/2025\/10\/DM_20251008163638_021.jpg 422w, https:\/\/lydenim.com\/wp-content\/uploads\/2025\/10\/DM_20251008163638_021-200x300.jpg 200w, https:\/\/lydenim.com\/wp-content\/uploads\/2025\/10\/DM_20251008163638_021-8x12.jpg 8w, https:\/\/lydenim.com\/wp-content\/uploads\/2025\/10\/DM_20251008163638_021-400x600.jpg 400w, https:\/\/lydenim.com\/wp-content\/uploads\/2025\/10\/DM_20251008163638_021-150x225.jpg 150w\" sizes=\"auto, (max-width: 600px) 100vw, 600px\" \/><p id=\"caption-attachment-6725\" class=\"wp-caption-text\">Macac\u00e3o jeans<\/p><\/div>\n<p dir=\"auto\">Para uma abordagem mais esportiva, use um moletom com capuz ou uma camiseta gr\u00e1fica - o toque definitivo para o streetwear vintage e descontra\u00eddo que est\u00e1 dominando <em>tend\u00eancias de jeans sustent\u00e1veis<\/em>.<\/p>\n<div id=\"attachment_6726\" style=\"width: 610px\" class=\"wp-caption aligncenter\"><img loading=\"lazy\" decoding=\"async\" aria-describedby=\"caption-attachment-6726\" class=\"wp-image-6726\" src=\"https:\/\/lydenim.com\/wp-content\/uploads\/2025\/10\/DM_20251008163638_022.jpg\" alt=\"\" width=\"600\" height=\"751\" srcset=\"https:\/\/lydenim.com\/wp-content\/uploads\/2025\/10\/DM_20251008163638_022.jpg 570w, https:\/\/lydenim.com\/wp-content\/uploads\/2025\/10\/DM_20251008163638_022-240x300.jpg 240w, https:\/\/lydenim.com\/wp-content\/uploads\/2025\/10\/DM_20251008163638_022-10x12.jpg 10w, https:\/\/lydenim.com\/wp-content\/uploads\/2025\/10\/DM_20251008163638_022-480x600.jpg 480w, https:\/\/lydenim.com\/wp-content\/uploads\/2025\/10\/DM_20251008163638_022-150x188.jpg 150w\" sizes=\"auto, (max-width: 600px) 100vw, 600px\" \/><p id=\"caption-attachment-6726\" class=\"wp-caption-text\">Macac\u00e3o jeans combinando na moda<\/p><\/div>\n<div id=\"attachment_6729\" style=\"width: 610px\" class=\"wp-caption aligncenter\"><img loading=\"lazy\" decoding=\"async\" aria-describedby=\"caption-attachment-6729\" class=\"wp-image-6729\" src=\"https:\/\/lydenim.com\/wp-content\/uploads\/2025\/10\/DM_20251008163638_025.jpg\" alt=\"\" width=\"600\" height=\"751\" srcset=\"https:\/\/lydenim.com\/wp-content\/uploads\/2025\/10\/DM_20251008163638_025.jpg 570w, https:\/\/lydenim.com\/wp-content\/uploads\/2025\/10\/DM_20251008163638_025-240x300.jpg 240w, https:\/\/lydenim.com\/wp-content\/uploads\/2025\/10\/DM_20251008163638_025-10x12.jpg 10w, https:\/\/lydenim.com\/wp-content\/uploads\/2025\/10\/DM_20251008163638_025-480x600.jpg 480w, https:\/\/lydenim.com\/wp-content\/uploads\/2025\/10\/DM_20251008163638_025-150x188.jpg 150w\" sizes=\"auto, (max-width: 600px) 100vw, 600px\" \/><p id=\"caption-attachment-6729\" class=\"wp-caption-text\">Macac\u00e3o jeans combinando na moda<\/p><\/div>\n<p dir=\"auto\">A combina\u00e7\u00e3o macac\u00e3o e camisa? Puramente fresco e refinado, como uma suave brisa primaveril em jeans \u2014 ideal para dias casuais e elegantes.<\/p>\n<div id=\"attachment_6731\" style=\"width: 610px\" class=\"wp-caption aligncenter\"><img loading=\"lazy\" decoding=\"async\" aria-describedby=\"caption-attachment-6731\" class=\"wp-image-6731\" src=\"https:\/\/lydenim.com\/wp-content\/uploads\/2025\/10\/DM_20251008163638_027.jpg\" alt=\"\" width=\"600\" height=\"900\" srcset=\"https:\/\/lydenim.com\/wp-content\/uploads\/2025\/10\/DM_20251008163638_027.jpg 422w, https:\/\/lydenim.com\/wp-content\/uploads\/2025\/10\/DM_20251008163638_027-200x300.jpg 200w, https:\/\/lydenim.com\/wp-content\/uploads\/2025\/10\/DM_20251008163638_027-8x12.jpg 8w, https:\/\/lydenim.com\/wp-content\/uploads\/2025\/10\/DM_20251008163638_027-400x600.jpg 400w, https:\/\/lydenim.com\/wp-content\/uploads\/2025\/10\/DM_20251008163638_027-150x225.jpg 150w\" sizes=\"auto, (max-width: 600px) 100vw, 600px\" \/><p id=\"caption-attachment-6731\" class=\"wp-caption-text\">combina\u00e7\u00e3o de macac\u00e3o e camisa<\/p><\/div>\n<div id=\"attachment_6733\" style=\"width: 610px\" class=\"wp-caption aligncenter\"><img loading=\"lazy\" decoding=\"async\" aria-describedby=\"caption-attachment-6733\" class=\"wp-image-6733\" src=\"https:\/\/lydenim.com\/wp-content\/uploads\/2025\/10\/DM_20251008163638_029.jpg\" alt=\"\" width=\"600\" height=\"900\" srcset=\"https:\/\/lydenim.com\/wp-content\/uploads\/2025\/10\/DM_20251008163638_029.jpg 422w, https:\/\/lydenim.com\/wp-content\/uploads\/2025\/10\/DM_20251008163638_029-200x300.jpg 200w, https:\/\/lydenim.com\/wp-content\/uploads\/2025\/10\/DM_20251008163638_029-8x12.jpg 8w, https:\/\/lydenim.com\/wp-content\/uploads\/2025\/10\/DM_20251008163638_029-400x600.jpg 400w, https:\/\/lydenim.com\/wp-content\/uploads\/2025\/10\/DM_20251008163638_029-150x225.jpg 150w\" sizes=\"auto, (max-width: 600px) 100vw, 600px\" \/><p id=\"caption-attachment-6733\" class=\"wp-caption-text\">combina\u00e7\u00e3o de macac\u00e3o e camisa<\/p><\/div>\n<p dir=\"auto\">Aumente a sensualidade com uma blusa de um ombro s\u00f3 ou um vestido justo por baixo: at\u00e9 mesmo o macac\u00e3o mais moleca pode exalar um charme sensual e chamativo.<\/p>\n<div id=\"attachment_6735\" style=\"width: 610px\" class=\"wp-caption aligncenter\"><img loading=\"lazy\" decoding=\"async\" aria-describedby=\"caption-attachment-6735\" class=\"wp-image-6735\" src=\"https:\/\/lydenim.com\/wp-content\/uploads\/2025\/10\/DM_20251008163638_031.jpg\" alt=\"\" width=\"600\" height=\"902\" srcset=\"https:\/\/lydenim.com\/wp-content\/uploads\/2025\/10\/DM_20251008163638_031.jpg 348w, https:\/\/lydenim.com\/wp-content\/uploads\/2025\/10\/DM_20251008163638_031-200x300.jpg 200w, https:\/\/lydenim.com\/wp-content\/uploads\/2025\/10\/DM_20251008163638_031-8x12.jpg 8w, https:\/\/lydenim.com\/wp-content\/uploads\/2025\/10\/DM_20251008163638_031-150x225.jpg 150w\" sizes=\"auto, (max-width: 600px) 100vw, 600px\" \/><p id=\"caption-attachment-6735\" class=\"wp-caption-text\">Macac\u00e3o jeans com um ombro s\u00f3<\/p><\/div>\n<div id=\"attachment_6734\" style=\"width: 610px\" class=\"wp-caption aligncenter\"><img loading=\"lazy\" decoding=\"async\" aria-describedby=\"caption-attachment-6734\" class=\"wp-image-6734\" src=\"https:\/\/lydenim.com\/wp-content\/uploads\/2025\/10\/DM_20251008163638_030.jpg\" alt=\"\" width=\"600\" height=\"902\" srcset=\"https:\/\/lydenim.com\/wp-content\/uploads\/2025\/10\/DM_20251008163638_030.jpg 348w, https:\/\/lydenim.com\/wp-content\/uploads\/2025\/10\/DM_20251008163638_030-200x300.jpg 200w, https:\/\/lydenim.com\/wp-content\/uploads\/2025\/10\/DM_20251008163638_030-8x12.jpg 8w, https:\/\/lydenim.com\/wp-content\/uploads\/2025\/10\/DM_20251008163638_030-150x225.jpg 150w\" sizes=\"auto, (max-width: 600px) 100vw, 600px\" \/><p id=\"caption-attachment-6734\" class=\"wp-caption-text\">Macac\u00e3o jeans com um ombro s\u00f3<\/p><\/div>\n<h2 dir=\"auto\">Cal\u00e7a jeans com bainha crua NO.4: detalhes ousados para um visual descolado instant\u00e2neo<\/h2>\n<p dir=\"auto\">J\u00e1 se foram os dias dos punhos perfeitamente dobrados.<em>tend\u00eancias de jeans outono 2025<\/em> est\u00e3o mudando os holofotes para as pr\u00f3prias bainhas. Entre <em>jeans com bainha crua<\/em> com suas bordas desgastadas e desfeitas: a pot\u00eancia vers\u00e1til que est\u00e1 em toda parte agora.<\/p>\n<div id=\"attachment_6738\" style=\"width: 610px\" class=\"wp-caption aligncenter\"><img loading=\"lazy\" decoding=\"async\" aria-describedby=\"caption-attachment-6738\" class=\"wp-image-6738\" src=\"https:\/\/lydenim.com\/wp-content\/uploads\/2025\/10\/DM_20251008163638_034.jpg\" alt=\"\" width=\"600\" height=\"400\" srcset=\"https:\/\/lydenim.com\/wp-content\/uploads\/2025\/10\/DM_20251008163638_034.jpg 649w, https:\/\/lydenim.com\/wp-content\/uploads\/2025\/10\/DM_20251008163638_034-300x200.jpg 300w, https:\/\/lydenim.com\/wp-content\/uploads\/2025\/10\/DM_20251008163638_034-18x12.jpg 18w, https:\/\/lydenim.com\/wp-content\/uploads\/2025\/10\/DM_20251008163638_034-600x400.jpg 600w, https:\/\/lydenim.com\/wp-content\/uploads\/2025\/10\/DM_20251008163638_034-150x100.jpg 150w\" sizes=\"auto, (max-width: 600px) 100vw, 600px\" \/><p id=\"caption-attachment-6738\" class=\"wp-caption-text\">Cal\u00e7a Jeans com Bainha Crua<\/p><\/div>\n<div id=\"attachment_6739\" style=\"width: 610px\" class=\"wp-caption aligncenter\"><img loading=\"lazy\" decoding=\"async\" aria-describedby=\"caption-attachment-6739\" class=\"wp-image-6739\" src=\"https:\/\/lydenim.com\/wp-content\/uploads\/2025\/10\/DM_20251008163638_035.jpg\" alt=\"\" width=\"600\" height=\"751\" srcset=\"https:\/\/lydenim.com\/wp-content\/uploads\/2025\/10\/DM_20251008163638_035.jpg 570w, https:\/\/lydenim.com\/wp-content\/uploads\/2025\/10\/DM_20251008163638_035-240x300.jpg 240w, https:\/\/lydenim.com\/wp-content\/uploads\/2025\/10\/DM_20251008163638_035-10x12.jpg 10w, https:\/\/lydenim.com\/wp-content\/uploads\/2025\/10\/DM_20251008163638_035-480x600.jpg 480w, https:\/\/lydenim.com\/wp-content\/uploads\/2025\/10\/DM_20251008163638_035-150x188.jpg 150w\" sizes=\"auto, (max-width: 600px) 100vw, 600px\" \/><p id=\"caption-attachment-6739\" class=\"wp-caption-text\">Cal\u00e7a Jeans com Bainha Crua<\/p><\/div>\n<div id=\"attachment_6740\" style=\"width: 610px\" class=\"wp-caption aligncenter\"><img loading=\"lazy\" decoding=\"async\" aria-describedby=\"caption-attachment-6740\" class=\"wp-image-6740\" src=\"https:\/\/lydenim.com\/wp-content\/uploads\/2025\/10\/DM_20251008163638_036.jpg\" alt=\"\" width=\"600\" height=\"751\" srcset=\"https:\/\/lydenim.com\/wp-content\/uploads\/2025\/10\/DM_20251008163638_036.jpg 570w, https:\/\/lydenim.com\/wp-content\/uploads\/2025\/10\/DM_20251008163638_036-240x300.jpg 240w, https:\/\/lydenim.com\/wp-content\/uploads\/2025\/10\/DM_20251008163638_036-10x12.jpg 10w, https:\/\/lydenim.com\/wp-content\/uploads\/2025\/10\/DM_20251008163638_036-480x600.jpg 480w, https:\/\/lydenim.com\/wp-content\/uploads\/2025\/10\/DM_20251008163638_036-150x188.jpg 150w\" sizes=\"auto, (max-width: 600px) 100vw, 600px\" \/><p id=\"caption-attachment-6740\" class=\"wp-caption-text\">Cal\u00e7a Jeans com Bainha Crua<\/p><\/div>\n<p dir=\"auto\">N\u00e3o subestime esse ajuste sutil: uma bainha desfiada acrescenta um toque rebelde instant\u00e2neo, aumentando seu fator descolado sem precisar se esfor\u00e7ar muito.<\/p>\n<div id=\"attachment_6741\" style=\"width: 610px\" class=\"wp-caption aligncenter\"><img loading=\"lazy\" decoding=\"async\" aria-describedby=\"caption-attachment-6741\" class=\"wp-image-6741\" src=\"https:\/\/lydenim.com\/wp-content\/uploads\/2025\/10\/DM_20251008163638_037.jpg\" alt=\"\" width=\"600\" height=\"751\" srcset=\"https:\/\/lydenim.com\/wp-content\/uploads\/2025\/10\/DM_20251008163638_037.jpg 570w, https:\/\/lydenim.com\/wp-content\/uploads\/2025\/10\/DM_20251008163638_037-240x300.jpg 240w, https:\/\/lydenim.com\/wp-content\/uploads\/2025\/10\/DM_20251008163638_037-10x12.jpg 10w, https:\/\/lydenim.com\/wp-content\/uploads\/2025\/10\/DM_20251008163638_037-480x600.jpg 480w, https:\/\/lydenim.com\/wp-content\/uploads\/2025\/10\/DM_20251008163638_037-150x188.jpg 150w\" sizes=\"auto, (max-width: 600px) 100vw, 600px\" \/><p id=\"caption-attachment-6741\" class=\"wp-caption-text\">Cal\u00e7a jeans com bainha crua real\u00e7a o charme<\/p><\/div>\n<div id=\"attachment_6742\" style=\"width: 610px\" class=\"wp-caption aligncenter\"><img loading=\"lazy\" decoding=\"async\" aria-describedby=\"caption-attachment-6742\" class=\"wp-image-6742\" src=\"https:\/\/lydenim.com\/wp-content\/uploads\/2025\/10\/DM_20251008163638_038.jpg\" alt=\"\" width=\"600\" height=\"751\" srcset=\"https:\/\/lydenim.com\/wp-content\/uploads\/2025\/10\/DM_20251008163638_038.jpg 570w, https:\/\/lydenim.com\/wp-content\/uploads\/2025\/10\/DM_20251008163638_038-240x300.jpg 240w, https:\/\/lydenim.com\/wp-content\/uploads\/2025\/10\/DM_20251008163638_038-10x12.jpg 10w, https:\/\/lydenim.com\/wp-content\/uploads\/2025\/10\/DM_20251008163638_038-480x600.jpg 480w, https:\/\/lydenim.com\/wp-content\/uploads\/2025\/10\/DM_20251008163638_038-150x188.jpg 150w\" sizes=\"auto, (max-width: 600px) 100vw, 600px\" \/><p id=\"caption-attachment-6742\" class=\"wp-caption-text\">Cal\u00e7a jeans com bainha crua real\u00e7a o charme<\/p><\/div>\n<p dir=\"auto\">Com jeans de bainha crua, at\u00e9 os itens b\u00e1sicos mais simples se transformam em pe\u00e7as de alta costura: aposte em moletons, camisetas e t\u00eanis para criar looks que exalam estilo casual.<\/p>\n<div id=\"attachment_6744\" style=\"width: 610px\" class=\"wp-caption aligncenter\"><img loading=\"lazy\" decoding=\"async\" aria-describedby=\"caption-attachment-6744\" class=\"wp-image-6744\" src=\"https:\/\/lydenim.com\/wp-content\/uploads\/2025\/10\/DM_20251008163638_040.jpg\" alt=\"\" width=\"600\" height=\"900\" srcset=\"https:\/\/lydenim.com\/wp-content\/uploads\/2025\/10\/DM_20251008163638_040.jpg 422w, https:\/\/lydenim.com\/wp-content\/uploads\/2025\/10\/DM_20251008163638_040-200x300.jpg 200w, https:\/\/lydenim.com\/wp-content\/uploads\/2025\/10\/DM_20251008163638_040-8x12.jpg 8w, https:\/\/lydenim.com\/wp-content\/uploads\/2025\/10\/DM_20251008163638_040-400x600.jpg 400w, https:\/\/lydenim.com\/wp-content\/uploads\/2025\/10\/DM_20251008163638_040-150x225.jpg 150w\" sizes=\"auto, (max-width: 600px) 100vw, 600px\" \/><p id=\"caption-attachment-6744\" class=\"wp-caption-text\">Jeans Raw Hem de alta costura<\/p><\/div>\n<p dir=\"auto\">Pronto para renovar seu visual jeans? Estes <em>tend\u00eancias de jeans outono 2025<\/em> provar que os jeans est\u00e3o mais vers\u00e1teis do que nunca. Compre cortes inspirados no vintage, experimente <em>estilo dad jeans<\/em>e abrace o ressurgimento retr\u00f4. Qual \u00e9 o seu par favorito nesta temporada? Deixe um coment\u00e1rio abaixo \u2014 adorar\u00edamos saber! Para mais <em>jeans sustent\u00e1vel<\/em> dicas e inspira\u00e7\u00f5es de looks, fique ligado.<\/p>\n<h2 dir=\"ltr\" data-pm-slice=\"1 1 []\">Servi\u00e7os de personaliza\u00e7\u00e3o da LYDENIM<\/h2>\n<p dir=\"ltr\">Sonhando com premium <strong>\u00a0roupas jeans<\/strong>? A LYDENIM \u00e9 especializada na cria\u00e7\u00e3o de tecidos e roupas jeans sob medida, dando vida \u00e0 sua vis\u00e3o \u00fanica com qualidade e conforto incompar\u00e1veis.<\/p>\n<p dir=\"ltr\">\ud83c\udfa8 <strong>Pe\u00e7a jeans charmosa e personalizada<\/strong><br \/>\nCrie o seu pr\u00f3prio <strong>encantador<\/strong><strong>\u00a0jeans<\/strong> com nosso tecido colorido premium. Escolha entre uma variedade de cores vibrantes, padr\u00f5es complexos e texturas luxuosas, sob medida para o seu estilo. Explore nossas ofertas em <a href=\"https:\/\/lydenim.com\/pt\/product\/\">lydenim.com<\/a><\/p>\n<p dir=\"ltr\">\ud83d\udecd\ufe0f <strong>Vestu\u00e1rio jeans sob medida<\/strong><br \/>\nCrie pe\u00e7as de destaque com nosso tecido exclusivo Colored, conhecido por seu conforto e durabilidade excepcionais. De jeans sob medida a jaquetas elegantes, personalize seu caimento, cor e estilo em <a href=\"https:\/\/liangyuantextile.m.en.alibaba.com\/productlist.html?spm=a2700.shop_index.88.10.14b53cf4cJMPG3\">Myalibaba<\/a>.<\/p>\n<p dir=\"ltr\">\ud83d\udce9 <strong>Entre em contato<\/strong><br \/>\nTenha uma vis\u00e3o para o seu corpo perfeito <strong>encantador<\/strong> jeans? Entre em contato com nossa equipe em <a href=\"mailto:malone@lydenim.com\">malone@lydenim.com<\/a> para discutir padr\u00f5es de tramas personalizados, misturas ecol\u00f3gicas ou quaisquer outras ideias.<\/p>\n<p dir=\"ltr\">Transforme suas ideias em realidade com a LYDENIM - seu parceiro de confian\u00e7a para solu\u00e7\u00f5es inovadoras, confort\u00e1veis e personalizadas <strong>encantador<\/strong> solu\u00e7\u00f5es em jeans.<\/p>","protected":false},"excerpt":{"rendered":"<p>Tempo estimado de leitura: ~4 minutos Todo mundo sabe que o jeans \u00e9 uma pe\u00e7a atemporal e que nunca sai de moda. Mas<\/p>","protected":false},"author":1,"featured_media":6749,"comment_status":"open","ping_status":"open","sticky":false,"template":"","format":"standard","meta":{"two_page_speed":[],"footnotes":""},"categories":[76],"tags":[],"class_list":["post-6703","post","type-post","status-publish","format-standard","has-post-thumbnail","hentry","category-garment"],"aioseo_notices":[],"_links":{"self":[{"href":"https:\/\/lydenim.com\/pt\/wp-json\/wp\/v2\/posts\/6703","targetHints":{"allow":["GET"]}}],"collection":[{"href":"https:\/\/lydenim.com\/pt\/wp-json\/wp\/v2\/posts"}],"about":[{"href":"https:\/\/lydenim.com\/pt\/wp-json\/wp\/v2\/types\/post"}],"author":[{"embeddable":true,"href":"https:\/\/lydenim.com\/pt\/wp-json\/wp\/v2\/users\/1"}],"replies":[{"embeddable":true,"href":"https:\/\/lydenim.com\/pt\/wp-json\/wp\/v2\/comments?post=6703"}],"version-history":[{"count":4,"href":"https:\/\/lydenim.com\/pt\/wp-json\/wp\/v2\/posts\/6703\/revisions"}],"predecessor-version":[{"id":6750,"href":"https:\/\/lydenim.com\/pt\/wp-json\/wp\/v2\/posts\/6703\/revisions\/6750"}],"wp:featuredmedia":[{"embeddable":true,"href":"https:\/\/lydenim.com\/pt\/wp-json\/wp\/v2\/media\/6749"}],"wp:attachment":[{"href":"https:\/\/lydenim.com\/pt\/wp-json\/wp\/v2\/media?parent=6703"}],"wp:term":[{"taxonomy":"category","embeddable":true,"href":"https:\/\/lydenim.com\/pt\/wp-json\/wp\/v2\/categories?post=6703"},{"taxonomy":"post_tag","embeddable":true,"href":"https:\/\/lydenim.com\/pt\/wp-json\/wp\/v2\/tags?post=6703"}],"curies":[{"name":"wp","href":"https:\/\/api.w.org\/{rel}","templated":true}]}}