{"id":6809,"date":"2025-11-18T11:16:47","date_gmt":"2025-11-18T03:16:47","guid":{"rendered":"https:\/\/lydenim.com\/?p=6809"},"modified":"2025-11-18T11:16:47","modified_gmt":"2025-11-18T03:16:47","slug":"best-high-waist-stretch-denim-for-plus-size-comfortable-sustainable-options","status":"publish","type":"post","link":"https:\/\/lydenim.com\/pt\/melhores-opcoes-de-jeans-de-cintura-alta-com-elastano-para-tamanhos-grandes-confortaveis-e-sustentaveis\/","title":{"rendered":"Os melhores jeans de cintura alta com elastano para tamanhos grandes | Op\u00e7\u00f5es confort\u00e1veis e sustent\u00e1veis"},"content":{"rendered":"<h2 dir=\"ltr\" data-pm-slice=\"1 1 []\">Tempo estimado de leitura: ~4 minutos<\/h2>\n<h2 dir=\"ltr\" data-pm-slice=\"1 1 []\">O que as consumidoras plus size precisam do jeans<\/h2>\n<p dir=\"ltr\">Cal\u00e7as jeans plus size precisam ser confort\u00e1veis, manter a forma e ter estilo. Veja o que importa e como o tecido resolve isso:<\/p>\n<ul class=\"tight\" dir=\"ltr\" data-tight=\"true\">\n<li>\n<p dir=\"ltr\"><strong>Conforto e Mobilidade<\/strong>Tecido el\u00e1stico \u00e0 base de elastano com toque macio garante liberdade de movimentos.<\/p>\n<\/li>\n<li>\n<p dir=\"ltr\"><strong>Suporte para a barriga<\/strong>Modelos de cintura alta com c\u00f3s firme e elasticidade controlada oferecem uma silhueta elegante.<\/p>\n<\/li>\n<li>\n<p dir=\"ltr\"><strong>Reten\u00e7\u00e3o de forma<\/strong>Fios de recupera\u00e7\u00e3o premium e constru\u00e7\u00f5es mais densas evitam o desgaste irregular nos joelhos e no assento.<\/p>\n<\/li>\n<li>\n<p dir=\"ltr\"><strong>Respirabilidade<\/strong>As misturas de TENCEL\u2122 Lyocell ou algod\u00e3o penteado mant\u00eam voc\u00ea fresco e confort\u00e1vel.<\/p>\n<\/li>\n<li>\n<p dir=\"ltr\"><strong>Sustentabilidade<\/strong>O algod\u00e3o org\u00e2nico e reciclado, aliado ao tingimento que economiza \u00e1gua, est\u00e1 em conson\u00e2ncia com os valores da consci\u00eancia ecol\u00f3gica.<\/p>\n<\/li>\n<\/ul>\n<p dir=\"ltr\">Para cal\u00e7as jeans de cintura alta plus size, opte por tecidos de 10 a 13 oz com elasticidade na trama de 20 a 35% e boa recupera\u00e7\u00e3o para manter o ajuste e a forma.<\/p>\n<h2 dir=\"ltr\">Guia de Tecidos: O Melhor Jeans para Tamanhos Grandes<\/h2>\n<p dir=\"ltr\">Descubra os melhores tecidos denim para cal\u00e7as jeans de cintura alta plus size, cada um deles pensado para necessidades e estilos espec\u00edficos:<\/p>\n<h3 dir=\"ltr\">1. <a href=\"https:\/\/lydenim.com\/pt\/material-elastico-jeans-tudo-o-que-voce-precisa-saber\/\">Denim com elasticidade em 4 dire\u00e7\u00f5es<\/a> (Urso e Trama)<\/h3>\n<ul class=\"tight\" dir=\"ltr\" data-tight=\"true\">\n<li>\n<p dir=\"ltr\"><strong>Melhor para<\/strong>Corpos curvil\u00edneos que necessitam de m\u00e1xima mobilidade para dias ativos.<\/p>\n<\/li>\n<li>\n<p dir=\"ltr\"><strong>Especifica\u00e7\u00f5es<\/strong>: 9\u201311 oz; elasticidade da trama de 25\u201335%; elasticidade da urdidura de 8\u201315%.<\/p>\n<\/li>\n<li>\n<p dir=\"ltr\"><strong>Estilos<\/strong>Corte justo, afunilado e com leve abertura na barra.<\/p>\n<\/li>\n<li>\n<p dir=\"ltr\"><strong>Por que funciona<\/strong>Oferece a flexibilidade de uma pe\u00e7a esportiva com a apar\u00eancia aut\u00eantica do jeans, perfeita para ir ao trabalho ou viajar.<\/p>\n<p><div id=\"attachment_6931\" style=\"width: 610px\" class=\"wp-caption aligncenter\"><img loading=\"lazy\" decoding=\"async\" aria-describedby=\"caption-attachment-6931\" class=\"wp-image-6931\" src=\"https:\/\/lydenim.com\/wp-content\/uploads\/2025\/11\/4c8c7dcf223373021339e6b9a69aa42c.jpg\" alt=\"\" width=\"600\" height=\"750\" srcset=\"https:\/\/lydenim.com\/wp-content\/uploads\/2025\/11\/4c8c7dcf223373021339e6b9a69aa42c.jpg 979w, https:\/\/lydenim.com\/wp-content\/uploads\/2025\/11\/4c8c7dcf223373021339e6b9a69aa42c-240x300.jpg 240w, https:\/\/lydenim.com\/wp-content\/uploads\/2025\/11\/4c8c7dcf223373021339e6b9a69aa42c-819x1024.jpg 819w, https:\/\/lydenim.com\/wp-content\/uploads\/2025\/11\/4c8c7dcf223373021339e6b9a69aa42c-768x960.jpg 768w, https:\/\/lydenim.com\/wp-content\/uploads\/2025\/11\/4c8c7dcf223373021339e6b9a69aa42c-10x12.jpg 10w, https:\/\/lydenim.com\/wp-content\/uploads\/2025\/11\/4c8c7dcf223373021339e6b9a69aa42c-480x600.jpg 480w, https:\/\/lydenim.com\/wp-content\/uploads\/2025\/11\/4c8c7dcf223373021339e6b9a69aa42c-600x750.jpg 600w, https:\/\/lydenim.com\/wp-content\/uploads\/2025\/11\/4c8c7dcf223373021339e6b9a69aa42c-150x188.jpg 150w\" sizes=\"auto, (max-width: 600px) 100vw, 600px\" \/><p id=\"caption-attachment-6931\" class=\"wp-caption-text\">Denim com elasticidade em 4 dire\u00e7\u00f5es<\/p><\/div><\/li>\n<\/ul>\n<h3 dir=\"ltr\">2. Jeans Power-Stretch \/ Modelador<\/h3>\n<ul class=\"tight\" dir=\"ltr\" data-tight=\"true\">\n<li>\n<p dir=\"ltr\"><strong>Melhor para<\/strong>Controle abdominal e linhas elegantes e esculpidas.<\/p>\n<\/li>\n<li>\n<p dir=\"ltr\"><strong>Especifica\u00e7\u00f5es<\/strong>: 10\u201312,5 oz; 25\u201335% elasticidade da trama com alta recupera\u00e7\u00e3o.<\/p>\n<\/li>\n<li>\n<p dir=\"ltr\"><strong>Estilos<\/strong>Cal\u00e7a skinny de cintura alta e corte reto.<\/p>\n<\/li>\n<li>\n<p dir=\"ltr\"><strong>Por que funciona<\/strong>Oferece suporte firme sem rigidez, ideal para um ajuste elegante e aerodin\u00e2mico.<\/p>\n<p><div id=\"attachment_6929\" style=\"width: 610px\" class=\"wp-caption aligncenter\"><img loading=\"lazy\" decoding=\"async\" aria-describedby=\"caption-attachment-6929\" class=\"wp-image-6929\" src=\"https:\/\/lydenim.com\/wp-content\/uploads\/2025\/11\/3ac1788f2c5d41e5ffa6adab898aeb2c.jpg\" alt=\"\" width=\"600\" height=\"750\" srcset=\"https:\/\/lydenim.com\/wp-content\/uploads\/2025\/11\/3ac1788f2c5d41e5ffa6adab898aeb2c.jpg 844w, https:\/\/lydenim.com\/wp-content\/uploads\/2025\/11\/3ac1788f2c5d41e5ffa6adab898aeb2c-240x300.jpg 240w, https:\/\/lydenim.com\/wp-content\/uploads\/2025\/11\/3ac1788f2c5d41e5ffa6adab898aeb2c-819x1024.jpg 819w, https:\/\/lydenim.com\/wp-content\/uploads\/2025\/11\/3ac1788f2c5d41e5ffa6adab898aeb2c-768x960.jpg 768w, https:\/\/lydenim.com\/wp-content\/uploads\/2025\/11\/3ac1788f2c5d41e5ffa6adab898aeb2c-10x12.jpg 10w, https:\/\/lydenim.com\/wp-content\/uploads\/2025\/11\/3ac1788f2c5d41e5ffa6adab898aeb2c-480x600.jpg 480w, https:\/\/lydenim.com\/wp-content\/uploads\/2025\/11\/3ac1788f2c5d41e5ffa6adab898aeb2c-600x750.jpg 600w, https:\/\/lydenim.com\/wp-content\/uploads\/2025\/11\/3ac1788f2c5d41e5ffa6adab898aeb2c-150x188.jpg 150w\" sizes=\"auto, (max-width: 600px) 100vw, 600px\" \/><p id=\"caption-attachment-6929\" class=\"wp-caption-text\">Alongamento de pot\u00eancia<\/p><\/div><\/li>\n<\/ul>\n<h3 dir=\"ltr\">3. Jeans el\u00e1stico confort\u00e1vel<\/h3>\n<ul class=\"tight\" dir=\"ltr\" data-tight=\"true\">\n<li>\n<p dir=\"ltr\"><strong>Melhor para<\/strong>Cal\u00e7ado para uso di\u00e1rio com suporte equilibrado e respirabilidade.<\/p>\n<\/li>\n<li>\n<p dir=\"ltr\"><strong>Especifica\u00e7\u00f5es<\/strong>: 10\u201312 oz; elasticidade da trama 15\u201325%.<\/p>\n<\/li>\n<li>\n<p dir=\"ltr\"><strong>Estilos<\/strong>Cal\u00e7a jeans reta de cintura alta, estilo &quot;mom jeans&quot;, modelo boca de sino.<\/p>\n<\/li>\n<li>\n<p dir=\"ltr\"><strong>Por que funciona<\/strong>Vers\u00e1til e respir\u00e1vel para conforto durante todo o dia, do trabalho a passeios casuais.<\/p>\n<p><div id=\"attachment_6937\" style=\"width: 610px\" class=\"wp-caption aligncenter\"><img loading=\"lazy\" decoding=\"async\" aria-describedby=\"caption-attachment-6937\" class=\"wp-image-6937\" src=\"https:\/\/lydenim.com\/wp-content\/uploads\/2025\/11\/cdb505a9e2dbbe43dbfb843c46a90955.jpg\" alt=\"\" width=\"600\" height=\"750\" srcset=\"https:\/\/lydenim.com\/wp-content\/uploads\/2025\/11\/cdb505a9e2dbbe43dbfb843c46a90955.jpg 961w, https:\/\/lydenim.com\/wp-content\/uploads\/2025\/11\/cdb505a9e2dbbe43dbfb843c46a90955-240x300.jpg 240w, https:\/\/lydenim.com\/wp-content\/uploads\/2025\/11\/cdb505a9e2dbbe43dbfb843c46a90955-819x1024.jpg 819w, https:\/\/lydenim.com\/wp-content\/uploads\/2025\/11\/cdb505a9e2dbbe43dbfb843c46a90955-768x961.jpg 768w, https:\/\/lydenim.com\/wp-content\/uploads\/2025\/11\/cdb505a9e2dbbe43dbfb843c46a90955-10x12.jpg 10w, https:\/\/lydenim.com\/wp-content\/uploads\/2025\/11\/cdb505a9e2dbbe43dbfb843c46a90955-480x600.jpg 480w, https:\/\/lydenim.com\/wp-content\/uploads\/2025\/11\/cdb505a9e2dbbe43dbfb843c46a90955-600x750.jpg 600w, https:\/\/lydenim.com\/wp-content\/uploads\/2025\/11\/cdb505a9e2dbbe43dbfb843c46a90955-150x188.jpg 150w\" sizes=\"auto, (max-width: 600px) 100vw, 600px\" \/><p id=\"caption-attachment-6937\" class=\"wp-caption-text\">Jeans confort\u00e1vel com elasticidade<\/p><\/div><\/li>\n<\/ul>\n<h3 dir=\"ltr\">4. Jeans de malha \/ Jeans jegging<\/h3>\n<ul class=\"tight\" dir=\"ltr\" data-tight=\"true\">\n<li>\n<p dir=\"ltr\"><strong>Melhor para<\/strong>Maciez ideal para relaxar, com um toque de jeans.<\/p>\n<\/li>\n<li>\n<p dir=\"ltr\"><strong>Especifica\u00e7\u00f5es<\/strong>: Equivalente a 8\u201310 oz; elasticidade em 4 dire\u00e7\u00f5es; op\u00e7\u00e3o de textura escovada na parte de tr\u00e1s.<\/p>\n<\/li>\n<li>\n<p dir=\"ltr\"><strong>Estilos<\/strong>Cal\u00e7as jeggings pr\u00e1ticas para viagens, perfeitas para looks casuais.<\/p>\n<\/li>\n<li>\n<p dir=\"ltr\"><strong>Por que funciona<\/strong>Parece uma legging, mas tem a apar\u00eancia de uma cal\u00e7a jeans, perfeita para ocasi\u00f5es informais.<\/p>\n<p><div id=\"attachment_6933\" style=\"width: 610px\" class=\"wp-caption aligncenter\"><img loading=\"lazy\" decoding=\"async\" aria-describedby=\"caption-attachment-6933\" class=\"wp-image-6933\" src=\"https:\/\/lydenim.com\/wp-content\/uploads\/2025\/11\/666341521ef5c57ed233ef9ffe8e860c.jpg\" alt=\"\" width=\"600\" height=\"750\" srcset=\"https:\/\/lydenim.com\/wp-content\/uploads\/2025\/11\/666341521ef5c57ed233ef9ffe8e860c.jpg 860w, https:\/\/lydenim.com\/wp-content\/uploads\/2025\/11\/666341521ef5c57ed233ef9ffe8e860c-240x300.jpg 240w, https:\/\/lydenim.com\/wp-content\/uploads\/2025\/11\/666341521ef5c57ed233ef9ffe8e860c-819x1024.jpg 819w, https:\/\/lydenim.com\/wp-content\/uploads\/2025\/11\/666341521ef5c57ed233ef9ffe8e860c-768x960.jpg 768w, https:\/\/lydenim.com\/wp-content\/uploads\/2025\/11\/666341521ef5c57ed233ef9ffe8e860c-10x12.jpg 10w, https:\/\/lydenim.com\/wp-content\/uploads\/2025\/11\/666341521ef5c57ed233ef9ffe8e860c-480x600.jpg 480w, https:\/\/lydenim.com\/wp-content\/uploads\/2025\/11\/666341521ef5c57ed233ef9ffe8e860c-600x750.jpg 600w, https:\/\/lydenim.com\/wp-content\/uploads\/2025\/11\/666341521ef5c57ed233ef9ffe8e860c-150x188.jpg 150w\" sizes=\"auto, (max-width: 600px) 100vw, 600px\" \/><p id=\"caption-attachment-6933\" class=\"wp-caption-text\">Malha Denim<\/p><\/div><\/li>\n<\/ul>\n<h3 dir=\"ltr\">5. Jeans Lysell\u2122 Blend<\/h3>\n<ul class=\"tight\" dir=\"ltr\" data-tight=\"true\">\n<li>\n<p dir=\"ltr\"><strong>Melhor para<\/strong>Maciez refinada e um toque fresco e fluido.<\/p>\n<\/li>\n<li>\n<p dir=\"ltr\"><strong>Especifica\u00e7\u00f5es<\/strong>: 10\u201312 oz; dispon\u00edvel nas vers\u00f5es conforto ou power-stretch.<\/p>\n<\/li>\n<li>\n<p dir=\"ltr\"><strong>Estilos<\/strong>Cal\u00e7a jeans de corte amplo e elegante.<\/p>\n<\/li>\n<li>\n<p dir=\"ltr\"><strong>Por que funciona<\/strong>A textura macia e a respirabilidade elevam looks casuais e elegantes.<\/p>\n<p><div id=\"attachment_6938\" style=\"width: 610px\" class=\"wp-caption aligncenter\"><img loading=\"lazy\" decoding=\"async\" aria-describedby=\"caption-attachment-6938\" class=\"wp-image-6938\" src=\"https:\/\/lydenim.com\/wp-content\/uploads\/2025\/11\/d29820dfdef458d17659ac369d6d66ea.jpg\" alt=\"\" width=\"600\" height=\"750\" srcset=\"https:\/\/lydenim.com\/wp-content\/uploads\/2025\/11\/d29820dfdef458d17659ac369d6d66ea.jpg 1080w, https:\/\/lydenim.com\/wp-content\/uploads\/2025\/11\/d29820dfdef458d17659ac369d6d66ea-240x300.jpg 240w, https:\/\/lydenim.com\/wp-content\/uploads\/2025\/11\/d29820dfdef458d17659ac369d6d66ea-819x1024.jpg 819w, https:\/\/lydenim.com\/wp-content\/uploads\/2025\/11\/d29820dfdef458d17659ac369d6d66ea-768x960.jpg 768w, https:\/\/lydenim.com\/wp-content\/uploads\/2025\/11\/d29820dfdef458d17659ac369d6d66ea-10x12.jpg 10w, https:\/\/lydenim.com\/wp-content\/uploads\/2025\/11\/d29820dfdef458d17659ac369d6d66ea-480x600.jpg 480w, https:\/\/lydenim.com\/wp-content\/uploads\/2025\/11\/d29820dfdef458d17659ac369d6d66ea-600x750.jpg 600w, https:\/\/lydenim.com\/wp-content\/uploads\/2025\/11\/d29820dfdef458d17659ac369d6d66ea-150x188.jpg 150w\" sizes=\"auto, (max-width: 600px) 100vw, 600px\" \/><p id=\"caption-attachment-6938\" class=\"wp-caption-text\">Denim Lysell\u2122 Blend<\/p><\/div><\/li>\n<\/ul>\n<h3 dir=\"ltr\">6. Jeans de algod\u00e3o org\u00e2nico com elastano<\/h3>\n<ul class=\"tight\" dir=\"ltr\" data-tight=\"true\">\n<li>\n<p dir=\"ltr\"><strong>Melhor para<\/strong>Consumidores ecologicamente conscientes que buscam conforto e respirabilidade.<\/p>\n<\/li>\n<li>\n<p dir=\"ltr\"><strong>Especifica\u00e7\u00f5es<\/strong>: 10\u201313 oz; elasticidade da trama 15\u201330%.<\/p>\n<\/li>\n<li>\n<p dir=\"ltr\"><strong>Estilos<\/strong>Corte reto, boca de sino, para o dia a dia.<\/p>\n<\/li>\n<li>\n<p dir=\"ltr\"><strong>Por que funciona<\/strong>Agricultura sustent\u00e1vel aliada ao desempenho cl\u00e1ssico do denim.<\/p>\n<p><div id=\"attachment_6935\" style=\"width: 610px\" class=\"wp-caption aligncenter\"><img loading=\"lazy\" decoding=\"async\" aria-describedby=\"caption-attachment-6935\" class=\"wp-image-6935\" src=\"https:\/\/lydenim.com\/wp-content\/uploads\/2025\/11\/c3de38ed779efa1f9fd5e2a05cc3ad13.jpg\" alt=\"\" width=\"600\" height=\"750\" srcset=\"https:\/\/lydenim.com\/wp-content\/uploads\/2025\/11\/c3de38ed779efa1f9fd5e2a05cc3ad13.jpg 1080w, https:\/\/lydenim.com\/wp-content\/uploads\/2025\/11\/c3de38ed779efa1f9fd5e2a05cc3ad13-240x300.jpg 240w, https:\/\/lydenim.com\/wp-content\/uploads\/2025\/11\/c3de38ed779efa1f9fd5e2a05cc3ad13-819x1024.jpg 819w, https:\/\/lydenim.com\/wp-content\/uploads\/2025\/11\/c3de38ed779efa1f9fd5e2a05cc3ad13-768x960.jpg 768w, https:\/\/lydenim.com\/wp-content\/uploads\/2025\/11\/c3de38ed779efa1f9fd5e2a05cc3ad13-10x12.jpg 10w, https:\/\/lydenim.com\/wp-content\/uploads\/2025\/11\/c3de38ed779efa1f9fd5e2a05cc3ad13-480x600.jpg 480w, https:\/\/lydenim.com\/wp-content\/uploads\/2025\/11\/c3de38ed779efa1f9fd5e2a05cc3ad13-600x750.jpg 600w, https:\/\/lydenim.com\/wp-content\/uploads\/2025\/11\/c3de38ed779efa1f9fd5e2a05cc3ad13-150x188.jpg 150w\" sizes=\"auto, (max-width: 600px) 100vw, 600px\" \/><p id=\"caption-attachment-6935\" class=\"wp-caption-text\">Jeans de algod\u00e3o org\u00e2nico com elastano<\/p><\/div><\/li>\n<\/ul>\n<h3 dir=\"ltr\">7. Denim de algod\u00e3o reciclado<\/h3>\n<ul class=\"tight\" dir=\"ltr\" data-tight=\"true\">\n<li>\n<p dir=\"ltr\"><strong>Melhor para<\/strong>Jeans com textura aut\u00eantica e redu\u00e7\u00e3o de desperd\u00edcio.<\/p>\n<\/li>\n<li>\n<p dir=\"ltr\"><strong>Especifica\u00e7\u00f5es<\/strong>: 10\u201312,5 oz; elasticidade e recupera\u00e7\u00e3o ajustadas.<\/p>\n<\/li>\n<li>\n<p dir=\"ltr\"><strong>Estilos<\/strong>Cal\u00e7a jeans estilo mom com lavagem vintage, corte reto e descontra\u00eddo.<\/p>\n<\/li>\n<li>\n<p dir=\"ltr\"><strong>Por que funciona<\/strong>Moda circular com um toque retr\u00f4 e caimento perfeito.<\/p>\n<p><div id=\"attachment_6932\" style=\"width: 610px\" class=\"wp-caption aligncenter\"><img loading=\"lazy\" decoding=\"async\" aria-describedby=\"caption-attachment-6932\" class=\"wp-image-6932\" src=\"https:\/\/lydenim.com\/wp-content\/uploads\/2025\/11\/4029a5a647821cc234b27dd1e50ca80d.jpg\" alt=\"\" width=\"600\" height=\"750\" srcset=\"https:\/\/lydenim.com\/wp-content\/uploads\/2025\/11\/4029a5a647821cc234b27dd1e50ca80d.jpg 1080w, https:\/\/lydenim.com\/wp-content\/uploads\/2025\/11\/4029a5a647821cc234b27dd1e50ca80d-240x300.jpg 240w, https:\/\/lydenim.com\/wp-content\/uploads\/2025\/11\/4029a5a647821cc234b27dd1e50ca80d-819x1024.jpg 819w, https:\/\/lydenim.com\/wp-content\/uploads\/2025\/11\/4029a5a647821cc234b27dd1e50ca80d-768x960.jpg 768w, https:\/\/lydenim.com\/wp-content\/uploads\/2025\/11\/4029a5a647821cc234b27dd1e50ca80d-10x12.jpg 10w, https:\/\/lydenim.com\/wp-content\/uploads\/2025\/11\/4029a5a647821cc234b27dd1e50ca80d-480x600.jpg 480w, https:\/\/lydenim.com\/wp-content\/uploads\/2025\/11\/4029a5a647821cc234b27dd1e50ca80d-600x750.jpg 600w, https:\/\/lydenim.com\/wp-content\/uploads\/2025\/11\/4029a5a647821cc234b27dd1e50ca80d-150x188.jpg 150w\" sizes=\"auto, (max-width: 600px) 100vw, 600px\" \/><p id=\"caption-attachment-6932\" class=\"wp-caption-text\">Denim de algod\u00e3o reciclado<\/p><\/div><\/li>\n<\/ul>\n<h3 dir=\"ltr\">8. Jeans de cintura alta preto e cinza<\/h3>\n<ul class=\"tight\" dir=\"ltr\" data-tight=\"true\">\n<li>\n<p dir=\"ltr\"><strong>Melhor para<\/strong>Looks vers\u00e1teis e que alongam a silhueta, perfeitos para usar do trabalho ao jantar.<\/p>\n<\/li>\n<li>\n<p dir=\"ltr\"><strong>Especifica\u00e7\u00f5es<\/strong>Tecido de alta elasticidade de 10 a 12 oz com melhor resist\u00eancia da cor.<\/p>\n<\/li>\n<li>\n<p dir=\"ltr\"><strong>Estilos<\/strong>Costuras m\u00ednimas, acabamentos impec\u00e1veis.<\/p>\n<\/li>\n<li>\n<p dir=\"ltr\"><strong>Por que funciona<\/strong>Elegante e sofisticado, ideal para uso profissional ou noturno.<\/p>\n<\/li>\n<\/ul>\n<p dir=\"ltr\">Pronta para explorar esses tecidos? Solicite amostras e uma lista de tecidos com controle abdominal atrav\u00e9s da p\u00e1gina de contato da LYDENIM.<\/p>\n<div id=\"attachment_6936\" style=\"width: 610px\" class=\"wp-caption aligncenter\"><img loading=\"lazy\" decoding=\"async\" aria-describedby=\"caption-attachment-6936\" class=\"wp-image-6936\" src=\"https:\/\/lydenim.com\/wp-content\/uploads\/2025\/11\/ccb8b2e92ccdfb3cf09f68dc95e141c8.jpg\" alt=\"\" width=\"600\" height=\"750\" srcset=\"https:\/\/lydenim.com\/wp-content\/uploads\/2025\/11\/ccb8b2e92ccdfb3cf09f68dc95e141c8.jpg 1527w, https:\/\/lydenim.com\/wp-content\/uploads\/2025\/11\/ccb8b2e92ccdfb3cf09f68dc95e141c8-240x300.jpg 240w, https:\/\/lydenim.com\/wp-content\/uploads\/2025\/11\/ccb8b2e92ccdfb3cf09f68dc95e141c8-819x1024.jpg 819w, https:\/\/lydenim.com\/wp-content\/uploads\/2025\/11\/ccb8b2e92ccdfb3cf09f68dc95e141c8-768x960.jpg 768w, https:\/\/lydenim.com\/wp-content\/uploads\/2025\/11\/ccb8b2e92ccdfb3cf09f68dc95e141c8-1229x1536.jpg 1229w, https:\/\/lydenim.com\/wp-content\/uploads\/2025\/11\/ccb8b2e92ccdfb3cf09f68dc95e141c8-10x12.jpg 10w, https:\/\/lydenim.com\/wp-content\/uploads\/2025\/11\/ccb8b2e92ccdfb3cf09f68dc95e141c8-480x600.jpg 480w, https:\/\/lydenim.com\/wp-content\/uploads\/2025\/11\/ccb8b2e92ccdfb3cf09f68dc95e141c8-600x750.jpg 600w, https:\/\/lydenim.com\/wp-content\/uploads\/2025\/11\/ccb8b2e92ccdfb3cf09f68dc95e141c8-150x188.jpg 150w\" sizes=\"auto, (max-width: 600px) 100vw, 600px\" \/><p id=\"caption-attachment-6936\" class=\"wp-caption-text\">Cal\u00e7a jeans de cintura alta preta e cinza<\/p><\/div>\n<h2 dir=\"ltr\">Guia de estilo para figuras plus size<\/h2>\n<p dir=\"ltr\">Escolha o modelo de cintura alta ideal para o seu tipo de corpo:<\/p>\n<ul class=\"tight\" dir=\"ltr\" data-tight=\"true\">\n<li>\n<p dir=\"ltr\"><strong>Ampulheta\/Curvil\u00ednea<\/strong>Cal\u00e7as jeans de cintura alta, retas ou flare, para equilibrar os quadris e acentuar as curvas.<\/p>\n<\/li>\n<li>\n<p dir=\"ltr\"><strong>Em forma de pera<\/strong>Tons escuros e uniformes com corte bootcut estruturado para equil\u00edbrio proporcional.<\/p>\n<\/li>\n<li>\n<p dir=\"ltr\"><strong>Em forma de ma\u00e7\u00e3<\/strong>Cal\u00e7as jeans de perna larga ou estilo pantalona com c\u00f3s firme para dar sustenta\u00e7\u00e3o \u00e0 barriga.<\/p>\n<\/li>\n<li>\n<p dir=\"ltr\"><strong>Tamanhos Petite e Plus Size<\/strong>Cal\u00e7a reta e justa de cintura alta com entrepernas curtas para alongar as pernas.<\/p>\n<p><div id=\"attachment_6934\" style=\"width: 610px\" class=\"wp-caption aligncenter\"><img loading=\"lazy\" decoding=\"async\" aria-describedby=\"caption-attachment-6934\" class=\"wp-image-6934\" src=\"https:\/\/lydenim.com\/wp-content\/uploads\/2025\/11\/b993e60fa56dee535bc4445c17ca36bc.jpg\" alt=\"\" width=\"600\" height=\"750\" srcset=\"https:\/\/lydenim.com\/wp-content\/uploads\/2025\/11\/b993e60fa56dee535bc4445c17ca36bc.jpg 1320w, https:\/\/lydenim.com\/wp-content\/uploads\/2025\/11\/b993e60fa56dee535bc4445c17ca36bc-240x300.jpg 240w, https:\/\/lydenim.com\/wp-content\/uploads\/2025\/11\/b993e60fa56dee535bc4445c17ca36bc-819x1024.jpg 819w, https:\/\/lydenim.com\/wp-content\/uploads\/2025\/11\/b993e60fa56dee535bc4445c17ca36bc-768x960.jpg 768w, https:\/\/lydenim.com\/wp-content\/uploads\/2025\/11\/b993e60fa56dee535bc4445c17ca36bc-1229x1536.jpg 1229w, https:\/\/lydenim.com\/wp-content\/uploads\/2025\/11\/b993e60fa56dee535bc4445c17ca36bc-10x12.jpg 10w, https:\/\/lydenim.com\/wp-content\/uploads\/2025\/11\/b993e60fa56dee535bc4445c17ca36bc-480x600.jpg 480w, https:\/\/lydenim.com\/wp-content\/uploads\/2025\/11\/b993e60fa56dee535bc4445c17ca36bc-600x750.jpg 600w, https:\/\/lydenim.com\/wp-content\/uploads\/2025\/11\/b993e60fa56dee535bc4445c17ca36bc-150x188.jpg 150w\" sizes=\"auto, (max-width: 600px) 100vw, 600px\" \/><p id=\"caption-attachment-6934\" class=\"wp-caption-text\">Tamanho grande<\/p><\/div><\/li>\n<\/ul>\n<h2 dir=\"ltr\">Op\u00e7\u00f5es de jeans sustent\u00e1veis<\/h2>\n<p dir=\"ltr\">O jeans ecol\u00f3gico \u00e9 ao mesmo tempo elegante e respons\u00e1vel:<\/p>\n<ul class=\"tight\" dir=\"ltr\" data-tight=\"true\">\n<li>\n<p dir=\"ltr\"><strong>Algod\u00e3o org\u00e2nico<\/strong>Roupas respir\u00e1veis e de baixo impacto ambiental para uso di\u00e1rio na agricultura.<\/p>\n<\/li>\n<li>\n<p dir=\"ltr\"><strong>Algod\u00e3o Reciclado<\/strong>Reduz o desperd\u00edcio t\u00eaxtil com uma est\u00e9tica vintage.<\/p>\n<\/li>\n<li>\n<p dir=\"ltr\"><strong>TENCEL\u2122 Lyocell<\/strong>Suave, fluido e de origem sustent\u00e1vel.<\/p>\n<\/li>\n<li>\n<p dir=\"ltr\"><strong>Denim de mistura de c\u00e2nhamo<\/strong>Dur\u00e1vel, resistente e naturalmente forte.<\/p>\n<\/li>\n<\/ul>\n<p dir=\"ltr\">Saiba mais sobre a fabrica\u00e7\u00e3o sustent\u00e1vel de jeans na p\u00e1gina de produ\u00e7\u00e3o da LYDENIM.<\/p>\n<h2 dir=\"ltr\">Dicas de cuidados e longevidade<\/h2>\n<p dir=\"ltr\">Para manter o caimento, a cor e a elasticidade das suas cal\u00e7as jeans plus size:<\/p>\n<ul class=\"tight\" dir=\"ltr\" data-tight=\"true\">\n<li>\n<p dir=\"ltr\">Lavar \u00e0 frio, do avesso, com detergente ecol\u00f3gico.<\/p>\n<\/li>\n<li>\n<p dir=\"ltr\">Secar ao ar livre para proteger a elasticidade e a estabilidade do c\u00f3s.<\/p>\n<\/li>\n<li>\n<p dir=\"ltr\">Evite calor excessivo e lavagens em demasia para preservar a elasticidade e o ajuste.<\/p>\n<\/li>\n<\/ul>\n<h3 dir=\"ltr\">C\u00e2nhamo versus algod\u00e3o tradicional<\/h3>\n<ul class=\"tight\" dir=\"ltr\" data-tight=\"true\">\n<li>\n<p dir=\"ltr\"><strong>Denim de mistura de c\u00e2nhamo<\/strong>Resist\u00eancia e durabilidade superiores para uma longa vida \u00fatil.<\/p>\n<\/li>\n<li>\n<p dir=\"ltr\"><strong>Algod\u00e3o tradicional<\/strong>Conforto cl\u00e1ssico com op\u00e7\u00f5es de acabamento vers\u00e1teis.<\/p>\n<\/li>\n<li>\n<p dir=\"ltr\"><strong>Misturas de c\u00e2nhamo e algod\u00e3o<\/strong>Combinando durabilidade, conforto e reten\u00e7\u00e3o da forma, voc\u00ea obt\u00e9m o melhor dos dois mundos.<\/p>\n<p><div id=\"attachment_6930\" style=\"width: 610px\" class=\"wp-caption aligncenter\"><img loading=\"lazy\" decoding=\"async\" aria-describedby=\"caption-attachment-6930\" class=\"wp-image-6930\" src=\"https:\/\/lydenim.com\/wp-content\/uploads\/2025\/11\/3ce7773ca932c0ffe7292b44c0c2d1a1.jpg\" alt=\"\" width=\"600\" height=\"750\" srcset=\"https:\/\/lydenim.com\/wp-content\/uploads\/2025\/11\/3ce7773ca932c0ffe7292b44c0c2d1a1.jpg 1325w, https:\/\/lydenim.com\/wp-content\/uploads\/2025\/11\/3ce7773ca932c0ffe7292b44c0c2d1a1-240x300.jpg 240w, https:\/\/lydenim.com\/wp-content\/uploads\/2025\/11\/3ce7773ca932c0ffe7292b44c0c2d1a1-819x1024.jpg 819w, https:\/\/lydenim.com\/wp-content\/uploads\/2025\/11\/3ce7773ca932c0ffe7292b44c0c2d1a1-768x960.jpg 768w, https:\/\/lydenim.com\/wp-content\/uploads\/2025\/11\/3ce7773ca932c0ffe7292b44c0c2d1a1-1229x1536.jpg 1229w, https:\/\/lydenim.com\/wp-content\/uploads\/2025\/11\/3ce7773ca932c0ffe7292b44c0c2d1a1-10x12.jpg 10w, https:\/\/lydenim.com\/wp-content\/uploads\/2025\/11\/3ce7773ca932c0ffe7292b44c0c2d1a1-480x600.jpg 480w, https:\/\/lydenim.com\/wp-content\/uploads\/2025\/11\/3ce7773ca932c0ffe7292b44c0c2d1a1-600x750.jpg 600w, https:\/\/lydenim.com\/wp-content\/uploads\/2025\/11\/3ce7773ca932c0ffe7292b44c0c2d1a1-150x187.jpg 150w\" sizes=\"auto, (max-width: 600px) 100vw, 600px\" \/><p id=\"caption-attachment-6930\" class=\"wp-caption-text\">Denim de mistura de c\u00e2nhamo<\/p><\/div><\/li>\n<\/ul>\n<h2 dir=\"ltr\">Perguntas frequentes: Tecido jeans plus size<\/h2>\n<p dir=\"ltr\"><strong>Qual a elasticidade ideal para cal\u00e7as jeans de cintura alta plus size?<\/strong><br \/>\nA elasticidade da trama de 20\u201335% com alta recupera\u00e7\u00e3o em tecidos de 10\u201313 oz garante um uso confort\u00e1vel e com suporte durante todo o dia.<\/p>\n<p dir=\"ltr\"><strong>Qual tecido oferece o melhor controle abdominal?<\/strong><br \/>\nJeans com elasticidade ou modelagem que valorizam a silhueta, com c\u00f3s firme e bolsos refor\u00e7ados para um ajuste perfeito e seguro.<\/p>\n<p dir=\"ltr\"><strong>O jeans sustent\u00e1vel pode virar tend\u00eancia?<\/strong><br \/>\nCom certeza! Misturas de TENCEL\u2122, algod\u00e3o org\u00e2nico\/reciclado e c\u00e2nhamo est\u00e3o dispon\u00edveis em modelos skinny, flare e pantalona com lavagens modernas.<\/p>\n<p dir=\"ltr\"><strong>O tecido el\u00e1stico em quatro dire\u00e7\u00f5es \u00e9 o ideal para mim?<\/strong><br \/>\nSe voc\u00ea prioriza a mobilidade para ir ao trabalho, viajar ou trabalhar em turnos longos, o tecido com elasticidade em quatro dire\u00e7\u00f5es oferece o conforto de uma roupa esportiva casual com a apar\u00eancia do jeans.<\/p>\n<h2 dir=\"ltr\">Crie seu programa de jeans plus size com a LYDENIM.<\/h2>\n<p dir=\"ltr\">Crie cal\u00e7as jeans de cintura alta personalizadas, feitas sob medida para tamanhos grandes, com as solu\u00e7\u00f5es em tecido denim sob medida da LYDENIM. Da cria\u00e7\u00e3o de amostras \u00e0 produ\u00e7\u00e3o em larga escala, oferecemos um servi\u00e7o completo de fabrica\u00e7\u00e3o para dar vida \u00e0 sua vis\u00e3o. Entre em contato conosco atrav\u00e9s da p\u00e1gina de contato da LYDENIM para solicitar amostras ou discutir o seu projeto de jeans.<\/p>\n<p dir=\"ltr\"><strong>Chamada para a\u00e7\u00e3o<\/strong>Comece hoje mesmo sua jornada no mundo do jeans plus size. Explore tecidos personalizados e op\u00e7\u00f5es com controle abdominal conosco.<\/p>\n<p>Fornecimento de tecidos (amostras e rolos): <a href=\"https:\/\/lydenim.com\/pt\/\"><u>LYDENIM \u2013 Jeans<\/u><\/a><\/p>\n<p>Desenvolvimento de vestu\u00e1rio (amostras e pequenos lotes): <a href=\"https:\/\/liangyuantextile.m.en.alibaba.com\"><u>Liangyuan T\u00eaxtil no Alibaba<\/u><\/a><\/p>","protected":false},"excerpt":{"rendered":"<p>Tempo estimado de leitura: ~4 minutos O que as compradoras plus size precisam do jeans As cal\u00e7as jeans plus size devem oferecer conforto, manter a forma e<\/p>","protected":false},"author":1,"featured_media":6940,"comment_status":"open","ping_status":"open","sticky":false,"template":"","format":"standard","meta":{"two_page_speed":[],"footnotes":""},"categories":[76],"tags":[],"class_list":["post-6809","post","type-post","status-publish","format-standard","has-post-thumbnail","hentry","category-garment"],"aioseo_notices":[],"_links":{"self":[{"href":"https:\/\/lydenim.com\/pt\/wp-json\/wp\/v2\/posts\/6809","targetHints":{"allow":["GET"]}}],"collection":[{"href":"https:\/\/lydenim.com\/pt\/wp-json\/wp\/v2\/posts"}],"about":[{"href":"https:\/\/lydenim.com\/pt\/wp-json\/wp\/v2\/types\/post"}],"author":[{"embeddable":true,"href":"https:\/\/lydenim.com\/pt\/wp-json\/wp\/v2\/users\/1"}],"replies":[{"embeddable":true,"href":"https:\/\/lydenim.com\/pt\/wp-json\/wp\/v2\/comments?post=6809"}],"version-history":[{"count":3,"href":"https:\/\/lydenim.com\/pt\/wp-json\/wp\/v2\/posts\/6809\/revisions"}],"predecessor-version":[{"id":6939,"href":"https:\/\/lydenim.com\/pt\/wp-json\/wp\/v2\/posts\/6809\/revisions\/6939"}],"wp:featuredmedia":[{"embeddable":true,"href":"https:\/\/lydenim.com\/pt\/wp-json\/wp\/v2\/media\/6940"}],"wp:attachment":[{"href":"https:\/\/lydenim.com\/pt\/wp-json\/wp\/v2\/media?parent=6809"}],"wp:term":[{"taxonomy":"category","embeddable":true,"href":"https:\/\/lydenim.com\/pt\/wp-json\/wp\/v2\/categories?post=6809"},{"taxonomy":"post_tag","embeddable":true,"href":"https:\/\/lydenim.com\/pt\/wp-json\/wp\/v2\/tags?post=6809"}],"curies":[{"name":"wp","href":"https:\/\/api.w.org\/{rel}","templated":true}]}}