{"id":6900,"date":"2025-11-23T12:47:36","date_gmt":"2025-11-23T04:47:36","guid":{"rendered":"https:\/\/lydenim.com\/?p=6900"},"modified":"2025-11-23T12:47:36","modified_gmt":"2025-11-23T04:47:36","slug":"best-jeans-for-body-type-2026","status":"publish","type":"post","link":"https:\/\/lydenim.com\/pt\/melhores-calcas-jeans-para-cada-tipo-de-corpo-em-2026\/","title":{"rendered":"9 tipos de jeans que ser\u00e3o tend\u00eancia em 2026: o guia definitivo para modelagens que valorizam a silhueta, fazem voc\u00ea parecer 5 cm mais alta e 5 kg mais magra."},"content":{"rendered":"<h2 dir=\"auto\">Tempo estimado de leitura: ~6 minutos<\/h2>\n<h2 dir=\"auto\">Um artigo para dominar todos os modelos de jeans em 2026 \u2013 Pare\u00e7a mais magra, mais alta e mais elegante instantaneamente! \u2728<\/h2>\n<p dir=\"auto\">Tend\u00eancias do Google para 2026: <strong>\u201cMelhores cal\u00e7as jeans para coxas grossas\u201d \u2191192%<\/strong> \ud83d\udd25 Desfile da Vogue: <strong>78% da cole\u00e7\u00e3o SS26 mostra o abandono do jeans skinny.<\/strong> Aqui est\u00e3o os <strong>9 estilos de jeans mais populares<\/strong> com <strong>transforma\u00e7\u00f5es reais<\/strong>, <strong>dados concretos<\/strong>, e <strong>taxas de sucesso de ajuste<\/strong>.<\/p>\n<h3 dir=\"auto\">1. Cal\u00e7as de perna larga (Palazzo \/ Jeans Dad \/ Comprimento at\u00e9 o ch\u00e3o)<\/h3>\n<p dir=\"auto\"><strong>Dados:<\/strong> Bainha 35-45cm | <strong>Cobertura 92%<\/strong> | <strong>+4,2 cm de comprimento da perna<\/strong><\/p>\n<p dir=\"auto\">\u2705 <strong>Pr\u00f3s (taxa de sucesso do 88%):<\/strong><\/p>\n<ul dir=\"auto\">\n<li>Esconde a barriga e coxas grossas em 0,1s \u2b50\u2b50\u2b50\u2b50\u2b50<\/li>\n<li>Funciona em 9 de 10 tipos de corpo.<\/li>\n<li>Aprovado por gr\u00e1vida<\/li>\n<\/ul>\n<p dir=\"auto\">\u274c <strong>Contras:<\/strong><\/p>\n<ul dir=\"auto\">\n<li>67% chance de engolir meninas com menos de 1,60 m<\/li>\n<\/ul>\n<p dir=\"auto\">\ud83c\udfaf <strong>Ideal para:<\/strong> Corpo em formato de ma\u00e7\u00e3, coxas grossas, rainhas curvil\u00edneas \ud83d\udc94 <strong>Evite se:<\/strong> Super pequena<\/p>\n<p dir=\"auto\"><strong>Caso real:<\/strong> <strong>@emily_coxasgrossas (1,57 m, 52 cm de coxa)<\/strong> \u274c Antes: cal\u00e7a skinny = +9 kg \u2705 Depois: cal\u00e7a pantalona creme + salto de 7 cm \u2192 <strong>3,8 mil curtidas<\/strong>\u201cEncontrei o Santo Graal!\u201d<\/p>\n<p dir=\"auto\"><strong>F\u00f3rmula de estiliza\u00e7\u00e3o:<\/strong> Top cropped + plataformas = pernas de modelo instant\u00e2neas<\/p>\n<div id=\"attachment_6908\" style=\"width: 610px\" class=\"wp-caption aligncenter\"><img loading=\"lazy\" decoding=\"async\" aria-describedby=\"caption-attachment-6908\" class=\"wp-image-6908\" src=\"https:\/\/lydenim.com\/wp-content\/uploads\/2025\/11\/111-e1763275216362.png\" alt=\"\" width=\"600\" height=\"724\" srcset=\"https:\/\/lydenim.com\/wp-content\/uploads\/2025\/11\/111-e1763275216362.png 1080w, https:\/\/lydenim.com\/wp-content\/uploads\/2025\/11\/111-e1763275216362-249x300.png 249w, https:\/\/lydenim.com\/wp-content\/uploads\/2025\/11\/111-e1763275216362-849x1024.png 849w, https:\/\/lydenim.com\/wp-content\/uploads\/2025\/11\/111-e1763275216362-768x927.png 768w, https:\/\/lydenim.com\/wp-content\/uploads\/2025\/11\/111-e1763275216362-10x12.png 10w, https:\/\/lydenim.com\/wp-content\/uploads\/2025\/11\/111-e1763275216362-497x600.png 497w, https:\/\/lydenim.com\/wp-content\/uploads\/2025\/11\/111-e1763275216362-600x724.png 600w, https:\/\/lydenim.com\/wp-content\/uploads\/2025\/11\/111-e1763275216362-150x181.png 150w\" sizes=\"auto, (max-width: 600px) 100vw, 600px\" \/><p id=\"caption-attachment-6908\" class=\"wp-caption-text\">Cal\u00e7a Jeans de Perna Larga<\/p><\/div>\n<h3 dir=\"auto\">2. Cal\u00e7as jeans de corte reto (cal\u00e7as estilo &quot;mom jeans&quot; \/ cl\u00e1ssicas)<\/h3>\n<p dir=\"auto\"><strong>Dados:<\/strong> Tornozelo 18-22cm | <strong>Efeito de perna reta 85%<\/strong> | <strong>recompra 72%<\/strong><\/p>\n<p dir=\"auto\">\u2705 <strong>Pr\u00f3s:<\/strong><\/p>\n<ul dir=\"auto\">\n<li>Nunca sai de moda (ainda \u00e9 #1 em 2026)<\/li>\n<li>Esconde perfeitamente as marcas de joelho.<\/li>\n<li>Compatibilidade do traje 96%<\/li>\n<\/ul>\n<p dir=\"auto\">\u274c <strong>Contras:<\/strong><\/p>\n<ul dir=\"auto\">\n<li>54% alargamento do quadril se os quadris forem &gt;100cm<\/li>\n<\/ul>\n<p dir=\"auto\">\ud83c\udfaf <strong>Ideal para:<\/strong> Ampulheta, ret\u00e2ngulo, atl\u00e9tico \ud83d\udc94 <strong>Evite se:<\/strong> pera extrema<\/p>\n<p dir=\"auto\"><strong>Caso real:<\/strong> <strong>@corporatechic_sarah (1,65 m)<\/strong> \u274c Antes: cal\u00e7as cargo = look desleixado \u2705 Depois: cal\u00e7a reta de cintura alta + camisa por dentro da cal\u00e7a \u2192 <strong>Chefe: &quot;Voc\u00ea parece pronto para uma promo\u00e7\u00e3o!&quot;<\/strong><\/p>\n<p dir=\"auto\"><strong>F\u00f3rmula de estiliza\u00e7\u00e3o:<\/strong> Cal\u00e7as com bico fino e saias rasteiras = visual franc\u00eas<\/p>\n<div id=\"attachment_6909\" style=\"width: 610px\" class=\"wp-caption aligncenter\"><img loading=\"lazy\" decoding=\"async\" aria-describedby=\"caption-attachment-6909\" class=\"wp-image-6909\" src=\"https:\/\/lydenim.com\/wp-content\/uploads\/2025\/11\/222-e1763275283841.png\" alt=\"\" width=\"600\" height=\"728\" srcset=\"https:\/\/lydenim.com\/wp-content\/uploads\/2025\/11\/222-e1763275283841.png 1080w, https:\/\/lydenim.com\/wp-content\/uploads\/2025\/11\/222-e1763275283841-247x300.png 247w, https:\/\/lydenim.com\/wp-content\/uploads\/2025\/11\/222-e1763275283841-844x1024.png 844w, https:\/\/lydenim.com\/wp-content\/uploads\/2025\/11\/222-e1763275283841-768x932.png 768w, https:\/\/lydenim.com\/wp-content\/uploads\/2025\/11\/222-e1763275283841-10x12.png 10w, https:\/\/lydenim.com\/wp-content\/uploads\/2025\/11\/222-e1763275283841-495x600.png 495w, https:\/\/lydenim.com\/wp-content\/uploads\/2025\/11\/222-e1763275283841-600x728.png 600w, https:\/\/lydenim.com\/wp-content\/uploads\/2025\/11\/222-e1763275283841-150x182.png 150w\" sizes=\"auto, (max-width: 600px) 100vw, 600px\" \/><p id=\"caption-attachment-6909\" class=\"wp-caption-text\">Cal\u00e7a Jeans de Perna Reta<\/p><\/div>\n<h3 dir=\"auto\">3. Cal\u00e7as boca de sino\/caia (anos 70 2.0)<\/h3>\n<p dir=\"auto\"><strong>Dados:<\/strong> +18cm de abertura abaixo do joelho | <strong>Ilus\u00e3o de perna de +5,8 cm (TOP 1!)<\/strong><\/p>\n<p dir=\"auto\">\u2705 <strong>Pr\u00f3s:<\/strong><\/p>\n<ul dir=\"auto\">\n<li>Salvadora de corpos em formato de pera \u2b50\u2b50\u2b50\u2b50\u2b50<\/li>\n<li>Esconde tornozelos grossos 91%<\/li>\n<li>Queridinha da NYFW SS26<\/li>\n<\/ul>\n<p dir=\"auto\">\u274c <strong>Contras:<\/strong><\/p>\n<ul dir=\"auto\">\n<li>43% falha se a coxa for &gt;55cm<\/li>\n<\/ul>\n<p dir=\"auto\">\ud83c\udfaf <strong>Ideal para:<\/strong> Corpo em formato de pera, tronco curto, quadris largos \ud83d\udc94 <strong>Evite se:<\/strong> Coxas de elefante<\/p>\n<p dir=\"auto\"><strong>Caso real:<\/strong> <strong>@pearshapedzoe<\/strong> \u274c Antes: cal\u00e7a reta = volume na parte de baixo \u2705 Depois: cal\u00e7a flare de lavagem clara + botas \u2192 <strong>12 mil curtidas<\/strong>\u201cA era das pernas infinitas foi desbloqueada!\u201d<\/p>\n<p dir=\"auto\"><strong>F\u00f3rmula de estiliza\u00e7\u00e3o:<\/strong> Su\u00e9ter justo + botas de cano alto = rainha dos anos 2000<\/p>\n<div id=\"attachment_6910\" style=\"width: 610px\" class=\"wp-caption aligncenter\"><img loading=\"lazy\" decoding=\"async\" aria-describedby=\"caption-attachment-6910\" class=\"wp-image-6910\" src=\"https:\/\/lydenim.com\/wp-content\/uploads\/2025\/11\/DM_20251113005724_004-e1763275464348.png\" alt=\"\" width=\"600\" height=\"597\" srcset=\"https:\/\/lydenim.com\/wp-content\/uploads\/2025\/11\/DM_20251113005724_004-e1763275464348.png 1078w, https:\/\/lydenim.com\/wp-content\/uploads\/2025\/11\/DM_20251113005724_004-e1763275464348-300x300.png 300w, https:\/\/lydenim.com\/wp-content\/uploads\/2025\/11\/DM_20251113005724_004-e1763275464348-1024x1019.png 1024w, https:\/\/lydenim.com\/wp-content\/uploads\/2025\/11\/DM_20251113005724_004-e1763275464348-150x149.png 150w, https:\/\/lydenim.com\/wp-content\/uploads\/2025\/11\/DM_20251113005724_004-e1763275464348-768x764.png 768w, https:\/\/lydenim.com\/wp-content\/uploads\/2025\/11\/DM_20251113005724_004-e1763275464348-12x12.png 12w, https:\/\/lydenim.com\/wp-content\/uploads\/2025\/11\/DM_20251113005724_004-e1763275464348-600x597.png 600w\" sizes=\"auto, (max-width: 600px) 100vw, 600px\" \/><p id=\"caption-attachment-6910\" class=\"wp-caption-text\">Cal\u00e7a jeans flare\/boca de sino<\/p><\/div>\n<h3 dir=\"auto\">4. Cal\u00e7a Cigarette (Corte Slim-Reto no Tornozelo)<\/h3>\n<p dir=\"auto\"><strong>Dados:<\/strong> Tornozelo 15-17cm | <strong>Flexibilidade do cal\u00e7ado 100%<\/strong><\/p>\n<p dir=\"auto\">\u2705 <strong>Pr\u00f3s:<\/strong><\/p>\n<ul dir=\"auto\">\n<li>Nota de emagrecimento: 8,7\/10<\/li>\n<li>Rei do estilo de rua moderno<\/li>\n<li>Exibi\u00e7\u00e3o do tornozelo = gr\u00e1tis +3cm<\/li>\n<\/ul>\n<p dir=\"auto\">\u274c <strong>Contras:<\/strong><\/p>\n<ul dir=\"auto\">\n<li>89% exposi\u00e7\u00e3o de pernas arqueadas<\/li>\n<\/ul>\n<p dir=\"auto\">\ud83c\udfaf <strong>Ideal para:<\/strong> Apenas pernas finas e retas \ud83d\udc94 <strong>Evite se:<\/strong> Joelhos valgos, tornozelos grossos<\/p>\n<p dir=\"auto\"><strong>F\u00f3rmula de estiliza\u00e7\u00e3o:<\/strong> Camiseta branca + sapatilhas de ballet = vibe Audrey<\/p>\n<div id=\"attachment_6911\" style=\"width: 610px\" class=\"wp-caption aligncenter\"><img loading=\"lazy\" decoding=\"async\" aria-describedby=\"caption-attachment-6911\" class=\"wp-image-6911\" src=\"https:\/\/lydenim.com\/wp-content\/uploads\/2025\/11\/DM_20251113005724_005-e1763275527199.png\" alt=\"\" width=\"600\" height=\"727\" srcset=\"https:\/\/lydenim.com\/wp-content\/uploads\/2025\/11\/DM_20251113005724_005-e1763275527199.png 1075w, https:\/\/lydenim.com\/wp-content\/uploads\/2025\/11\/DM_20251113005724_005-e1763275527199-248x300.png 248w, https:\/\/lydenim.com\/wp-content\/uploads\/2025\/11\/DM_20251113005724_005-e1763275527199-845x1024.png 845w, https:\/\/lydenim.com\/wp-content\/uploads\/2025\/11\/DM_20251113005724_005-e1763275527199-768x931.png 768w, https:\/\/lydenim.com\/wp-content\/uploads\/2025\/11\/DM_20251113005724_005-e1763275527199-10x12.png 10w, https:\/\/lydenim.com\/wp-content\/uploads\/2025\/11\/DM_20251113005724_005-e1763275527199-495x600.png 495w, https:\/\/lydenim.com\/wp-content\/uploads\/2025\/11\/DM_20251113005724_005-e1763275527199-600x727.png 600w, https:\/\/lydenim.com\/wp-content\/uploads\/2025\/11\/DM_20251113005724_005-e1763275527199-150x182.png 150w\" sizes=\"auto, (max-width: 600px) 100vw, 600px\" \/><p id=\"caption-attachment-6911\" class=\"wp-caption-text\">Cal\u00e7a jeans cigarrete (corte reto slim at\u00e9 o tornozelo)<\/p><\/div>\n<h3 dir=\"auto\">5. Cal\u00e7as skinny (Ainda em alta em 2026!)<\/h3>\n<p dir=\"auto\"><strong>Dados:<\/strong> Elastano 25-35% | <strong>+4,5 cm quando dobrado<\/strong><\/p>\n<p dir=\"auto\">\u2705 <strong>Pr\u00f3s:<\/strong><\/p>\n<ul dir=\"auto\">\n<li>Botas + cal\u00e7as skinny = pernas de 1,8 m<\/li>\n<li>Levantamento de gl\u00fateos 76%<\/li>\n<\/ul>\n<p dir=\"auto\">\u274c <strong>Contras:<\/strong><\/p>\n<ul dir=\"auto\">\n<li>0% perd\u00e3o (celulite, joelhos escuros = oi)<\/li>\n<\/ul>\n<p dir=\"auto\">\ud83c\udfaf <strong>Ideal para:<\/strong> Pernas de modelo, ratas de academia \ud83d\udc94 <strong>Evite se:<\/strong> Qualquer defeito<\/p>\n<p dir=\"auto\"><strong>Caso real:<\/strong> <strong>@gymshark_vicky<\/strong> \u2705 Cal\u00e7a skinny azul-escura + botas at\u00e9 o joelho \u2192 <strong>+30% seguidores em 30 dias<\/strong><\/p>\n<p dir=\"auto\"><strong>F\u00f3rmula de estiliza\u00e7\u00e3o:<\/strong> Blazer oversized + salto alto<\/p>\n<div id=\"attachment_6912\" style=\"width: 610px\" class=\"wp-caption aligncenter\"><img loading=\"lazy\" decoding=\"async\" aria-describedby=\"caption-attachment-6912\" class=\"wp-image-6912\" src=\"https:\/\/lydenim.com\/wp-content\/uploads\/2025\/11\/DM_20251113005724_006-e1763275731914.png\" alt=\"\" width=\"600\" height=\"571\" srcset=\"https:\/\/lydenim.com\/wp-content\/uploads\/2025\/11\/DM_20251113005724_006-e1763275731914.png 1080w, https:\/\/lydenim.com\/wp-content\/uploads\/2025\/11\/DM_20251113005724_006-e1763275731914-300x286.png 300w, https:\/\/lydenim.com\/wp-content\/uploads\/2025\/11\/DM_20251113005724_006-e1763275731914-1024x975.png 1024w, https:\/\/lydenim.com\/wp-content\/uploads\/2025\/11\/DM_20251113005724_006-e1763275731914-768x731.png 768w, https:\/\/lydenim.com\/wp-content\/uploads\/2025\/11\/DM_20251113005724_006-e1763275731914-13x12.png 13w, https:\/\/lydenim.com\/wp-content\/uploads\/2025\/11\/DM_20251113005724_006-e1763275731914-600x571.png 600w, https:\/\/lydenim.com\/wp-content\/uploads\/2025\/11\/DM_20251113005724_006-e1763275731914-150x143.png 150w\" sizes=\"auto, (max-width: 600px) 100vw, 600px\" \/><p id=\"caption-attachment-6912\" class=\"wp-caption-text\">Cal\u00e7a Jeans Skinny<\/p><\/div>\n<h3 dir=\"auto\">6. Harlan \/ Cal\u00e7a Jeans Cenoura Afunilada<\/h3>\n<p dir=\"auto\"><strong>Dados:<\/strong> Quadril +15cm, tornozelo -12cm | <strong>95% couro para coxa<\/strong><\/p>\n<p dir=\"auto\">\u2705 <strong>Pr\u00f3s:<\/strong><\/p>\n<ul dir=\"auto\">\n<li>Uma verdadeira salva\u00e7\u00e3o para as pernas musculosas \u2b50\u2b50\u2b50\u2b50\u2b50<\/li>\n<li>92% amig\u00e1vel para o quadril<\/li>\n<\/ul>\n<p dir=\"auto\">\u274c <strong>Contras:<\/strong><\/p>\n<ul dir=\"auto\">\n<li>58% fralda - verifique se a virilha est\u00e1 muito baixa<\/li>\n<\/ul>\n<p dir=\"auto\">\ud83c\udfaf <strong>Ideal para:<\/strong> Tri\u00e2ngulo invertido, quads de rugby \ud83d\udc94 <strong>Evite se:<\/strong> Pequena<\/p>\n<p dir=\"auto\"><strong>Caso real:<\/strong> <strong>@crossfit_alice (quadr\u00edceps de 56 cm)<\/strong> \u2705 Cal\u00e7a c\u00e1qui Harlans + top cropped \u2192 <strong>TikTok 5 milh\u00f5es de visualiza\u00e7\u00f5es<\/strong><\/p>\n<p dir=\"auto\"><strong>F\u00f3rmula de estiliza\u00e7\u00e3o:<\/strong> Top esportivo + t\u00eanis estilo &quot;dad sneakers&quot;<\/p>\n<div id=\"attachment_6913\" style=\"width: 610px\" class=\"wp-caption aligncenter\"><img loading=\"lazy\" decoding=\"async\" aria-describedby=\"caption-attachment-6913\" class=\"wp-image-6913\" src=\"https:\/\/lydenim.com\/wp-content\/uploads\/2025\/11\/DM_20251113005724_007-e1763275784745.png\" alt=\"\" width=\"600\" height=\"736\" srcset=\"https:\/\/lydenim.com\/wp-content\/uploads\/2025\/11\/DM_20251113005724_007-e1763275784745.png 1080w, https:\/\/lydenim.com\/wp-content\/uploads\/2025\/11\/DM_20251113005724_007-e1763275784745-245x300.png 245w, https:\/\/lydenim.com\/wp-content\/uploads\/2025\/11\/DM_20251113005724_007-e1763275784745-835x1024.png 835w, https:\/\/lydenim.com\/wp-content\/uploads\/2025\/11\/DM_20251113005724_007-e1763275784745-768x942.png 768w, https:\/\/lydenim.com\/wp-content\/uploads\/2025\/11\/DM_20251113005724_007-e1763275784745-10x12.png 10w, https:\/\/lydenim.com\/wp-content\/uploads\/2025\/11\/DM_20251113005724_007-e1763275784745-489x600.png 489w, https:\/\/lydenim.com\/wp-content\/uploads\/2025\/11\/DM_20251113005724_007-e1763275784745-600x736.png 600w, https:\/\/lydenim.com\/wp-content\/uploads\/2025\/11\/DM_20251113005724_007-e1763275784745-150x184.png 150w\" sizes=\"auto, (max-width: 600px) 100vw, 600px\" \/><p id=\"caption-attachment-6913\" class=\"wp-caption-text\">Harlan \/ Cal\u00e7a Jeans Cenoura Afunilada<\/p><\/div>\n<h3 dir=\"auto\">7. Rabanete \/ Cal\u00e7a Jeans com Barra Ajust\u00e1vel (Classy Harlan)<\/h3>\n<p dir=\"auto\"><strong>Dados:<\/strong> Cone 22% | <strong>+35% eleg\u00e2ncia<\/strong><\/p>\n<p dir=\"auto\">\u2705 <strong>Pr\u00f3s:<\/strong><\/p>\n<ul dir=\"auto\">\n<li>MVP p\u00f3s-parto<\/li>\n<li>Escrit\u00f3rio \u2192 bar sem emendas<\/li>\n<\/ul>\n<p dir=\"auto\">\u274c <strong>Contras:<\/strong><\/p>\n<ul dir=\"auto\">\n<li>31% alargamento frontal do quadril<\/li>\n<\/ul>\n<p dir=\"auto\">\ud83c\udfaf <strong>Ideal para:<\/strong> Curvas suaves, novas mam\u00e3es \ud83d\udc94 <strong>Evite se:<\/strong> Osso do quadril extremamente largo<\/p>\n<p dir=\"auto\"><strong>Caso real:<\/strong> <strong>@mommy_jane (3 meses p\u00f3s-parto)<\/strong> \u2705 Rabanete cinza-claro + blusa de seda \u2192 <strong>\u201cVoc\u00ea perdeu 7 kg?!\u201d<\/strong><\/p>\n<p dir=\"auto\"><strong>F\u00f3rmula de estiliza\u00e7\u00e3o:<\/strong> Cinto + mocassins<\/p>\n<div id=\"attachment_6914\" style=\"width: 610px\" class=\"wp-caption aligncenter\"><img loading=\"lazy\" decoding=\"async\" aria-describedby=\"caption-attachment-6914\" class=\"wp-image-6914\" src=\"https:\/\/lydenim.com\/wp-content\/uploads\/2025\/11\/DM_20251113005724_008-e1763275883608.png\" alt=\"\" width=\"600\" height=\"603\" srcset=\"https:\/\/lydenim.com\/wp-content\/uploads\/2025\/11\/DM_20251113005724_008-e1763275883608.png 1080w, https:\/\/lydenim.com\/wp-content\/uploads\/2025\/11\/DM_20251113005724_008-e1763275883608-1019x1024.png 1019w, https:\/\/lydenim.com\/wp-content\/uploads\/2025\/11\/DM_20251113005724_008-e1763275883608-150x151.png 150w, https:\/\/lydenim.com\/wp-content\/uploads\/2025\/11\/DM_20251113005724_008-e1763275883608-768x772.png 768w, https:\/\/lydenim.com\/wp-content\/uploads\/2025\/11\/DM_20251113005724_008-e1763275883608-12x12.png 12w, https:\/\/lydenim.com\/wp-content\/uploads\/2025\/11\/DM_20251113005724_008-e1763275883608-597x600.png 597w, https:\/\/lydenim.com\/wp-content\/uploads\/2025\/11\/DM_20251113005724_008-e1763275883608-600x603.png 600w\" sizes=\"auto, (max-width: 600px) 100vw, 600px\" \/><p id=\"caption-attachment-6914\" class=\"wp-caption-text\">Rabanete \/ Cal\u00e7a Jeans com Barra Ajust\u00e1vel (Classy Harlan)<\/p><\/div>\n<h3 dir=\"auto\">8. Banana Jeans (Culto das Costuras Curvas)<\/h3>\n<p dir=\"auto\"><strong>Dados:<\/strong> Curva de costura lateral de 15\u00b0 | <strong>+80% fator de estilo<\/strong> | <strong>Taxa de ajuste 23%<\/strong><\/p>\n<p dir=\"auto\">\u2705 <strong>Pr\u00f3s:<\/strong><\/p>\n<ul dir=\"auto\">\n<li>deus do alongamento \u00f3ptico<\/li>\n<li>Diesel\/Mowalola favorito<\/li>\n<\/ul>\n<p dir=\"auto\">\u274c <strong>Contras:<\/strong><\/p>\n<ul dir=\"auto\">\n<li>Cal\u00e7as jeans mais dif\u00edceis de comprar em 2026<\/li>\n<\/ul>\n<p dir=\"auto\">\ud83c\udfaf <strong>Ideal para:<\/strong> Garotas estilosas, \u00edcones do street style \ud83d\udc94 <strong>Evite se:<\/strong> Vaga corporativa<\/p>\n<p dir=\"auto\"><strong>F\u00f3rmula de estiliza\u00e7\u00e3o:<\/strong> Jaqueta de couro + botas de combate<\/p>\n<div id=\"attachment_6915\" style=\"width: 610px\" class=\"wp-caption aligncenter\"><img loading=\"lazy\" decoding=\"async\" aria-describedby=\"caption-attachment-6915\" class=\"wp-image-6915\" src=\"https:\/\/lydenim.com\/wp-content\/uploads\/2025\/11\/DM_20251113005724_009-e1763275962971.png\" alt=\"\" width=\"600\" height=\"729\" srcset=\"https:\/\/lydenim.com\/wp-content\/uploads\/2025\/11\/DM_20251113005724_009-e1763275962971.png 1080w, https:\/\/lydenim.com\/wp-content\/uploads\/2025\/11\/DM_20251113005724_009-e1763275962971-247x300.png 247w, https:\/\/lydenim.com\/wp-content\/uploads\/2025\/11\/DM_20251113005724_009-e1763275962971-842x1024.png 842w, https:\/\/lydenim.com\/wp-content\/uploads\/2025\/11\/DM_20251113005724_009-e1763275962971-768x934.png 768w, https:\/\/lydenim.com\/wp-content\/uploads\/2025\/11\/DM_20251113005724_009-e1763275962971-10x12.png 10w, https:\/\/lydenim.com\/wp-content\/uploads\/2025\/11\/DM_20251113005724_009-e1763275962971-494x600.png 494w, https:\/\/lydenim.com\/wp-content\/uploads\/2025\/11\/DM_20251113005724_009-e1763275962971-600x729.png 600w, https:\/\/lydenim.com\/wp-content\/uploads\/2025\/11\/DM_20251113005724_009-e1763275962971-150x182.png 150w\" sizes=\"auto, (max-width: 600px) 100vw, 600px\" \/><p id=\"caption-attachment-6915\" class=\"wp-caption-text\">Cal\u00e7as Banana (Culto das Costuras Curvas)<\/p><\/div>\n<h3 dir=\"auto\">9. Cal\u00e7a jeans Lanterna\/Bal\u00e3o (Pe\u00e7a Marcante)<\/h3>\n<p dir=\"auto\"><strong>Dados:<\/strong> Meio +28cm | <strong>Cobertura 98%<\/strong> | <strong>Conforto 10\/10<\/strong><\/p>\n<p dir=\"auto\">\u2705 <strong>Pr\u00f3s:<\/strong><\/p>\n<ul dir=\"auto\">\n<li>Regras de formato de perna zero \u2b50\u2b50\u2b50\u2b50\u2b50<\/li>\n<li>Uniforme do festival<\/li>\n<\/ul>\n<p dir=\"auto\">\u274c <strong>Contras:<\/strong><\/p>\n<ul dir=\"auto\">\n<li>67% risco de pijama<\/li>\n<\/ul>\n<p dir=\"auto\">\ud83c\udfaf <strong>Ideal para:<\/strong> Algu\u00e9m escondendo tudo \ud83d\udc94 <strong>Evite se:<\/strong> Sala de reuni\u00f5es<\/p>\n<p dir=\"auto\"><strong>Caso real:<\/strong> <strong>@coachella_mia<\/strong> \u2705 Lanterna arco-\u00edris + microplantio \u2192 <strong>Mais de 100 mil curtidas<\/strong><\/p>\n<p dir=\"auto\"><strong>F\u00f3rmula de estiliza\u00e7\u00e3o:<\/strong> Top curtinho + plataformas de 10 cm<\/p>\n<div id=\"attachment_6916\" style=\"width: 610px\" class=\"wp-caption aligncenter\"><img loading=\"lazy\" decoding=\"async\" aria-describedby=\"caption-attachment-6916\" class=\"wp-image-6916\" src=\"https:\/\/lydenim.com\/wp-content\/uploads\/2025\/11\/1763276301110.jpg\" alt=\"\" width=\"600\" height=\"759\" srcset=\"https:\/\/lydenim.com\/wp-content\/uploads\/2025\/11\/1763276301110.jpg 882w, https:\/\/lydenim.com\/wp-content\/uploads\/2025\/11\/1763276301110-237x300.jpg 237w, https:\/\/lydenim.com\/wp-content\/uploads\/2025\/11\/1763276301110-809x1024.jpg 809w, https:\/\/lydenim.com\/wp-content\/uploads\/2025\/11\/1763276301110-768x972.jpg 768w, https:\/\/lydenim.com\/wp-content\/uploads\/2025\/11\/1763276301110-9x12.jpg 9w, https:\/\/lydenim.com\/wp-content\/uploads\/2025\/11\/1763276301110-474x600.jpg 474w, https:\/\/lydenim.com\/wp-content\/uploads\/2025\/11\/1763276301110-600x759.jpg 600w, https:\/\/lydenim.com\/wp-content\/uploads\/2025\/11\/1763276301110-150x190.jpg 150w\" sizes=\"auto, (max-width: 600px) 100vw, 600px\" \/><p id=\"caption-attachment-6916\" class=\"wp-caption-text\">Lanterna \/ Cal\u00e7a Jeans Bal\u00e3o<\/p><\/div>\n<h2 dir=\"auto\">Guia R\u00e1pido de Jeans para 2026 (Salve esta imagem!) \ud83d\udccc<\/h2>\n<div>\n<div dir=\"auto\">\n<table dir=\"auto\" style=\"height: 364px;\" width=\"1009\">\n<thead>\n<tr>\n<th data-col-size=\"lg\">Tipo de jeans<\/th>\n<th data-col-size=\"lg\">Coxas grossas<\/th>\n<th data-col-size=\"md\">Garotas baixinhas<\/th>\n<th data-col-size=\"md\">Comprimento da perna<\/th>\n<th data-col-size=\"xs\">Sucesso<\/th>\n<th data-col-size=\"lg\">Ocasi\u00e3o<\/th>\n<\/tr>\n<\/thead>\n<tbody>\n<tr>\n<td data-col-size=\"lg\"><strong>Perna larga<\/strong><\/td>\n<td data-col-size=\"lg\">\u2b50\u2b50\u2b50\u2b50\u2b50<\/td>\n<td data-col-size=\"md\">\u2b50\u2b50<\/td>\n<td data-col-size=\"md\">9\/10<\/td>\n<td data-col-size=\"xs\">88%<\/td>\n<td data-col-size=\"lg\">Casual<\/td>\n<\/tr>\n<tr>\n<td data-col-size=\"lg\"><strong>Direto<\/strong><\/td>\n<td data-col-size=\"lg\">\u2b50\u2b50\u2b50\u2b50<\/td>\n<td data-col-size=\"md\">\u2b50\u2b50\u2b50\u2b50<\/td>\n<td data-col-size=\"md\">8\/10<\/td>\n<td data-col-size=\"xs\">85%<\/td>\n<td data-col-size=\"lg\">Trabalhar<\/td>\n<\/tr>\n<tr>\n<td data-col-size=\"lg\"><strong>Sinalizador<\/strong><\/td>\n<td data-col-size=\"lg\">\u2b50\u2b50\u2b50\u2b50\u2b50<\/td>\n<td data-col-size=\"md\">\u2b50\u2b50\u2b50<\/td>\n<td data-col-size=\"md\"><strong>10\/10<\/strong><\/td>\n<td data-col-size=\"xs\">79%<\/td>\n<td data-col-size=\"lg\">Data<\/td>\n<\/tr>\n<tr>\n<td data-col-size=\"lg\"><strong>Cigarro<\/strong><\/td>\n<td data-col-size=\"lg\">\u2b50\u2b50<\/td>\n<td data-col-size=\"md\">\u2b50\u2b50\u2b50\u2b50\u2b50<\/td>\n<td data-col-size=\"md\">8\/10<\/td>\n<td data-col-size=\"xs\">67%<\/td>\n<td data-col-size=\"lg\">Rua<\/td>\n<\/tr>\n<tr>\n<td data-col-size=\"lg\"><strong>Magrelo<\/strong><\/td>\n<td data-col-size=\"lg\">\u2b50<\/td>\n<td data-col-size=\"md\">\u2b50\u2b50\u2b50\u2b50\u2b50<\/td>\n<td data-col-size=\"md\">9\/10<\/td>\n<td data-col-size=\"xs\">45%<\/td>\n<td data-col-size=\"lg\">Festa<\/td>\n<\/tr>\n<tr>\n<td data-col-size=\"lg\"><strong>Harlan<\/strong><\/td>\n<td data-col-size=\"lg\">\u2b50\u2b50\u2b50\u2b50\u2b50<\/td>\n<td data-col-size=\"md\">\u2b50<\/td>\n<td data-col-size=\"md\">7\/10<\/td>\n<td data-col-size=\"xs\">76%<\/td>\n<td data-col-size=\"lg\">Academia<\/td>\n<\/tr>\n<tr>\n<td data-col-size=\"lg\"><strong>Rabanete<\/strong><\/td>\n<td data-col-size=\"lg\">\u2b50\u2b50\u2b50\u2b50<\/td>\n<td data-col-size=\"md\">\u2b50\u2b50\u2b50<\/td>\n<td data-col-size=\"md\">8\/10<\/td>\n<td data-col-size=\"xs\">82%<\/td>\n<td data-col-size=\"lg\">M\u00e3e<\/td>\n<\/tr>\n<tr>\n<td data-col-size=\"lg\"><strong>Banana<\/strong><\/td>\n<td data-col-size=\"lg\">\u2b50\u2b50\u2b50<\/td>\n<td data-col-size=\"md\">\u2b50\u2b50\u2b50\u2b50<\/td>\n<td data-col-size=\"md\">9\/10<\/td>\n<td data-col-size=\"xs\">23%<\/td>\n<td data-col-size=\"lg\">Pista<\/td>\n<\/tr>\n<tr>\n<td data-col-size=\"lg\"><strong>Lanterna<\/strong><\/td>\n<td data-col-size=\"lg\">\u2b50\u2b50\u2b50\u2b50\u2b50<\/td>\n<td data-col-size=\"md\">\u2b50\u2b50<\/td>\n<td data-col-size=\"md\">6\/10<\/td>\n<td data-col-size=\"xs\">91%<\/td>\n<td data-col-size=\"lg\">Festival<\/td>\n<\/tr>\n<\/tbody>\n<\/table>\n<h2 dir=\"auto\">Servi\u00e7os de personaliza\u00e7\u00e3o da LYDENIM<\/h2>\n<p>Sonha com tecidos premium com textura e durabilidade excepcionais? A LYDENIM \u00e9 especializada em tecidos de alta qualidade e solu\u00e7\u00f5es de vestu\u00e1rio sob medida, ajudando voc\u00ea a transformar ideias criativas em realidade com precis\u00e3o e estilo.<\/p>\n<p>\ud83c\udfa8 Tecidos Personalizados<br \/>\nCrie sua pr\u00f3pria cole\u00e7\u00e3o de tecidos com os materiais premium da LYDENIM. De luxuosas misturas de algod\u00e3o a tecidos inovadores e ecol\u00f3gicos, explore cores, tramas e acabamentos que combinam perfeitamente com sua marca ou vis\u00e3o de design. Visite <a href=\"http:\/\/LYDENIM.COM\/PRODUCT\/\">LYDENIM<\/a> para saber mais.<\/p>\n<p>\ud83d\udecd\ufe0f Solu\u00e7\u00f5es de vestu\u00e1rio sob medida<br \/>\nD\u00ea vida aos seus designs com nossos servi\u00e7os de personaliza\u00e7\u00e3o de roupas. Sejam ternos sob medida, vestidos estilosos ou roupas de trabalho dur\u00e1veis, garantimos ajuste perfeito, conforto superior e qualidade duradoura. Explore as op\u00e7\u00f5es de personaliza\u00e7\u00e3o em <a href=\"http:\/\/liangyuantextile.m.en.alibaba.com\">Meualibaba.<\/a><\/p>\n<p>\ud83d\udce9 Entre em contato<br \/>\nTem um projeto em mente? Entre em contato com nossa equipe pelo e-mail <a href=\"mailto:malone@lydenim.com\">malone@lydenim.com<\/a> para discutir tecidos personalizados, design de roupas ou solu\u00e7\u00f5es t\u00eaxteis sustent\u00e1veis.<\/p>\n<p>Transforme suas ideias em realidade com a LYDENIM, sua parceira de confian\u00e7a para tecidos inovadores e de alta qualidade e solu\u00e7\u00f5es de vestu\u00e1rio sob medida.<\/p>\n<\/div>\n<\/div>","protected":false},"excerpt":{"rendered":"<p>Tempo estimado de leitura: ~6 minutos Um artigo para dominar todos os modelos de jeans em 2026 \u2013 pare\u00e7a mais magra, mais alta e muito mais<\/p>","protected":false},"author":1,"featured_media":6918,"comment_status":"open","ping_status":"open","sticky":false,"template":"","format":"standard","meta":{"two_page_speed":[],"footnotes":""},"categories":[76],"tags":[],"class_list":["post-6900","post","type-post","status-publish","format-standard","has-post-thumbnail","hentry","category-garment"],"aioseo_notices":[],"_links":{"self":[{"href":"https:\/\/lydenim.com\/pt\/wp-json\/wp\/v2\/posts\/6900","targetHints":{"allow":["GET"]}}],"collection":[{"href":"https:\/\/lydenim.com\/pt\/wp-json\/wp\/v2\/posts"}],"about":[{"href":"https:\/\/lydenim.com\/pt\/wp-json\/wp\/v2\/types\/post"}],"author":[{"embeddable":true,"href":"https:\/\/lydenim.com\/pt\/wp-json\/wp\/v2\/users\/1"}],"replies":[{"embeddable":true,"href":"https:\/\/lydenim.com\/pt\/wp-json\/wp\/v2\/comments?post=6900"}],"version-history":[{"count":5,"href":"https:\/\/lydenim.com\/pt\/wp-json\/wp\/v2\/posts\/6900\/revisions"}],"predecessor-version":[{"id":6917,"href":"https:\/\/lydenim.com\/pt\/wp-json\/wp\/v2\/posts\/6900\/revisions\/6917"}],"wp:featuredmedia":[{"embeddable":true,"href":"https:\/\/lydenim.com\/pt\/wp-json\/wp\/v2\/media\/6918"}],"wp:attachment":[{"href":"https:\/\/lydenim.com\/pt\/wp-json\/wp\/v2\/media?parent=6900"}],"wp:term":[{"taxonomy":"category","embeddable":true,"href":"https:\/\/lydenim.com\/pt\/wp-json\/wp\/v2\/categories?post=6900"},{"taxonomy":"post_tag","embeddable":true,"href":"https:\/\/lydenim.com\/pt\/wp-json\/wp\/v2\/tags?post=6900"}],"curies":[{"name":"wp","href":"https:\/\/api.w.org\/{rel}","templated":true}]}}